{"id":4219,"date":"2026-02-13T09:12:00","date_gmt":"2026-02-13T09:12:00","guid":{"rendered":"https:\/\/lowtaperfades.com\/low-taper-fade-curly-hair\/"},"modified":"2026-04-28T10:38:16","modified_gmt":"2026-04-28T10:38:16","slug":"low-taper-fade-curly-hair","status":"publish","type":"post","link":"https:\/\/lowtaperfades.com\/de\/low-taper-fade-curly-hair\/","title":{"rendered":"25 Trenedy Low Taper Fade Curly Haircuts for Men"},"content":{"rendered":"<style>.kb-row-layout-id4219_90f149-50 > .kt-row-column-wrap{align-content:start;}:where(.kb-row-layout-id4219_90f149-50 > .kt-row-column-wrap) > .wp-block-kadence-column{justify-content:start;}.kb-row-layout-id4219_90f149-50 > .kt-row-column-wrap{column-gap:var(--global-kb-gap-md, 2rem);row-gap:var(--global-kb-gap-md, 2rem);padding-top:var(--global-kb-spacing-sm, 1.5rem);padding-bottom:var(--global-kb-spacing-sm, 1.5rem);grid-template-columns:minmax(0, 1fr);}.kb-row-layout-id4219_90f149-50 > .kt-row-layout-overlay{opacity:0.30;}@media all and (max-width: 1024px){.kb-row-layout-id4219_90f149-50 > .kt-row-column-wrap{grid-template-columns:minmax(0, 1fr);}}@media all and (max-width: 767px){.kb-row-layout-id4219_90f149-50 > .kt-row-column-wrap{grid-template-columns:minmax(0, 1fr);}}<\/style><div class=\"kb-row-layout-wrap kb-row-layout-id4219_90f149-50 alignnone wp-block-kadence-rowlayout\"><div class=\"kt-row-column-wrap kt-has-1-columns kt-row-layout-equal kt-tab-layout-inherit kt-mobile-layout-row kt-row-valign-top\">\n<style>.kadence-column4219_baff8c-44 > .kt-inside-inner-col,.kadence-column4219_baff8c-44 > .kt-inside-inner-col:before{border-top-left-radius:0px;border-top-right-radius:0px;border-bottom-right-radius:0px;border-bottom-left-radius:0px;}.kadence-column4219_baff8c-44 > .kt-inside-inner-col{column-gap:var(--global-kb-gap-sm, 1rem);}.kadence-column4219_baff8c-44 > .kt-inside-inner-col{flex-direction:column;}.kadence-column4219_baff8c-44 > .kt-inside-inner-col > .aligncenter{width:100%;}.kadence-column4219_baff8c-44 > .kt-inside-inner-col:before{opacity:0.3;}.kadence-column4219_baff8c-44{position:relative;}@media all and (max-width: 1024px){.kadence-column4219_baff8c-44 > .kt-inside-inner-col{flex-direction:column;justify-content:center;}}@media all and (max-width: 767px){.kadence-column4219_baff8c-44 > .kt-inside-inner-col{flex-direction:column;justify-content:center;}}<\/style>\n<div class=\"wp-block-kadence-column kadence-column4219_baff8c-44\"><div class=\"kt-inside-inner-col\"><style>.wp-block-kadence-advancedheading.kt-adv-heading4219_c90acb-30, .wp-block-kadence-advancedheading.kt-adv-heading4219_c90acb-30[data-kb-block=\"kb-adv-heading4219_c90acb-30\"]{text-align:center;font-style:normal;}.wp-block-kadence-advancedheading.kt-adv-heading4219_c90acb-30 mark.kt-highlight, .wp-block-kadence-advancedheading.kt-adv-heading4219_c90acb-30[data-kb-block=\"kb-adv-heading4219_c90acb-30\"] mark.kt-highlight{font-style:normal;color:#f76a0c;-webkit-box-decoration-break:clone;box-decoration-break:clone;padding-top:0px;padding-right:0px;padding-bottom:0px;padding-left:0px;}.wp-block-kadence-advancedheading.kt-adv-heading4219_c90acb-30 img.kb-inline-image, .wp-block-kadence-advancedheading.kt-adv-heading4219_c90acb-30[data-kb-block=\"kb-adv-heading4219_c90acb-30\"] img.kb-inline-image{width:150px;vertical-align:baseline;}<\/style>\n<h2 class=\"kt-adv-heading4219_c90acb-30 wp-block-kadence-advancedheading has-theme-palette-9-color has-text-color has-theme-palette-3-background-color has-background\" data-kb-block=\"kb-adv-heading4219_c90acb-30\">What is Low Taper Fade Curly Hair<\/h2>\n\n\n\n<figure class=\"wp-block-image size-large\"><img decoding=\"async\" width=\"1024\" height=\"572\" src=\"https:\/\/lowtaperfades.com\/wp-content\/uploads\/2026\/02\/Untitled-design-2026-03-02T170742.644-1024x572.webp\" alt=\"Low taper fade curly hair style with a textured top and clean blended sides\" class=\"wp-image-1435\" srcset=\"https:\/\/lowtaperfades.com\/wp-content\/uploads\/2026\/02\/Untitled-design-2026-03-02T170742.644-1024x572.webp 1024w, https:\/\/lowtaperfades.com\/wp-content\/uploads\/2026\/02\/Untitled-design-2026-03-02T170742.644-300x167.webp 300w, https:\/\/lowtaperfades.com\/wp-content\/uploads\/2026\/02\/Untitled-design-2026-03-02T170742.644-768x429.webp 768w, https:\/\/lowtaperfades.com\/wp-content\/uploads\/2026\/02\/Untitled-design-2026-03-02T170742.644.webp 1376w\" sizes=\"(max-width: 1024px) 100vw, 1024px\" \/><figcaption class=\"wp-element-caption\">Low Taper Fade Curly Hair with Textured Top<\/figcaption><\/figure>\n\n\n<style>.wp-block-kadence-advancedheading.kt-adv-heading4219_ed3b6c-30, .wp-block-kadence-advancedheading.kt-adv-heading4219_ed3b6c-30[data-kb-block=\"kb-adv-heading4219_ed3b6c-30\"]{max-width:1080px;padding-right:var(--global-kb-spacing-lg, 3rem);padding-left:var(--global-kb-spacing-lg, 3rem);font-style:normal;}.wp-block-kadence-advancedheading.kt-adv-heading4219_ed3b6c-30 mark.kt-highlight, .wp-block-kadence-advancedheading.kt-adv-heading4219_ed3b6c-30[data-kb-block=\"kb-adv-heading4219_ed3b6c-30\"] mark.kt-highlight{font-style:normal;color:#f76a0c;-webkit-box-decoration-break:clone;box-decoration-break:clone;padding-top:0px;padding-right:0px;padding-bottom:0px;padding-left:0px;}.wp-block-kadence-advancedheading.kt-adv-heading4219_ed3b6c-30 img.kb-inline-image, .wp-block-kadence-advancedheading.kt-adv-heading4219_ed3b6c-30[data-kb-block=\"kb-adv-heading4219_ed3b6c-30\"] img.kb-inline-image{width:150px;vertical-align:baseline;}<\/style>\n<p class=\"kt-adv-heading4219_ed3b6c-30 wp-block-kadence-advancedheading\" data-kb-block=\"kb-adv-heading4219_ed3b6c-30\">Die <strong>Low Taper Fade Curly Hair<\/strong> Frisur ist ein moderner Haarschnitt, der die Locken nat\u00fcrlich l\u00e4sst, w\u00e4hrend die Seiten sanft in der N\u00e4he der Ohren auslaufen. Dieser Haarschnitt wirkt sauber, stilvoll und ist leicht zu pflegen. Viele M\u00e4nner w\u00e4hlen <strong>Low Taper Fade Curly Hair<\/strong>, weil er die nat\u00fcrlichen Locken betont und gleichzeitig die Frisur ordentlich h\u00e4lt.<\/p>\n<\/div><\/div>\n\n<\/div><\/div>\n\n<style>.kb-row-layout-id4219_0950c1-de > .kt-row-column-wrap{align-content:start;}:where(.kb-row-layout-id4219_0950c1-de > .kt-row-column-wrap) > .wp-block-kadence-column{justify-content:start;}.kb-row-layout-id4219_0950c1-de > .kt-row-column-wrap{column-gap:var(--global-kb-gap-md, 2rem);row-gap:var(--global-kb-gap-md, 2rem);padding-top:var(--global-kb-spacing-sm, 1.5rem);padding-bottom:var(--global-kb-spacing-sm, 1.5rem);grid-template-columns:minmax(0, 1fr);}.kb-row-layout-id4219_0950c1-de > .kt-row-layout-overlay{opacity:0.30;}@media all and (max-width: 1024px){.kb-row-layout-id4219_0950c1-de > .kt-row-column-wrap{grid-template-columns:minmax(0, 1fr);}}@media all and (max-width: 767px){.kb-row-layout-id4219_0950c1-de > .kt-row-column-wrap{grid-template-columns:minmax(0, 1fr);}}<\/style><div class=\"kb-row-layout-wrap kb-row-layout-id4219_0950c1-de alignnone wp-block-kadence-rowlayout\"><div class=\"kt-row-column-wrap kt-has-1-columns kt-row-layout-equal kt-tab-layout-inherit kt-mobile-layout-row kt-row-valign-top\">\n<style>.kadence-column4219_6f3d59-41 > .kt-inside-inner-col,.kadence-column4219_6f3d59-41 > .kt-inside-inner-col:before{border-top-left-radius:0px;border-top-right-radius:0px;border-bottom-right-radius:0px;border-bottom-left-radius:0px;}.kadence-column4219_6f3d59-41 > .kt-inside-inner-col{column-gap:var(--global-kb-gap-sm, 1rem);}.kadence-column4219_6f3d59-41 > .kt-inside-inner-col{flex-direction:column;}.kadence-column4219_6f3d59-41 > .kt-inside-inner-col > .aligncenter{width:100%;}.kadence-column4219_6f3d59-41 > .kt-inside-inner-col:before{opacity:0.3;}.kadence-column4219_6f3d59-41{position:relative;}@media all and (max-width: 1024px){.kadence-column4219_6f3d59-41 > .kt-inside-inner-col{flex-direction:column;justify-content:center;}}@media all and (max-width: 767px){.kadence-column4219_6f3d59-41 > .kt-inside-inner-col{flex-direction:column;justify-content:center;}}<\/style>\n<div class=\"wp-block-kadence-column kadence-column4219_6f3d59-41\"><div class=\"kt-inside-inner-col\"><style>.wp-block-kadence-advancedheading.kt-adv-heading4219_12384f-7f, .wp-block-kadence-advancedheading.kt-adv-heading4219_12384f-7f[data-kb-block=\"kb-adv-heading4219_12384f-7f\"]{text-align:center;font-style:normal;}.wp-block-kadence-advancedheading.kt-adv-heading4219_12384f-7f mark.kt-highlight, .wp-block-kadence-advancedheading.kt-adv-heading4219_12384f-7f[data-kb-block=\"kb-adv-heading4219_12384f-7f\"] mark.kt-highlight{font-style:normal;color:#f76a0c;-webkit-box-decoration-break:clone;box-decoration-break:clone;padding-top:0px;padding-right:0px;padding-bottom:0px;padding-left:0px;}.wp-block-kadence-advancedheading.kt-adv-heading4219_12384f-7f img.kb-inline-image, .wp-block-kadence-advancedheading.kt-adv-heading4219_12384f-7f[data-kb-block=\"kb-adv-heading4219_12384f-7f\"] img.kb-inline-image{width:150px;vertical-align:baseline;}<\/style>\n<h2 class=\"kt-adv-heading4219_12384f-7f wp-block-kadence-advancedheading has-theme-palette-9-color has-text-color has-theme-palette-3-background-color has-background\" data-kb-block=\"kb-adv-heading4219_12384f-7f\">Was ist <strong>Low Taper Fade Curly Hair<\/strong><\/h2>\n\n\n<style>.wp-block-kadence-advancedheading.kt-adv-heading4219_cac00d-d2, .wp-block-kadence-advancedheading.kt-adv-heading4219_cac00d-d2[data-kb-block=\"kb-adv-heading4219_cac00d-d2\"]{padding-right:var(--global-kb-spacing-lg, 3rem);padding-left:var(--global-kb-spacing-lg, 3rem);font-style:normal;}.wp-block-kadence-advancedheading.kt-adv-heading4219_cac00d-d2 mark.kt-highlight, .wp-block-kadence-advancedheading.kt-adv-heading4219_cac00d-d2[data-kb-block=\"kb-adv-heading4219_cac00d-d2\"] mark.kt-highlight{font-style:normal;color:#f76a0c;-webkit-box-decoration-break:clone;box-decoration-break:clone;padding-top:0px;padding-right:0px;padding-bottom:0px;padding-left:0px;}.wp-block-kadence-advancedheading.kt-adv-heading4219_cac00d-d2 img.kb-inline-image, .wp-block-kadence-advancedheading.kt-adv-heading4219_cac00d-d2[data-kb-block=\"kb-adv-heading4219_cac00d-d2\"] img.kb-inline-image{width:150px;vertical-align:baseline;}<\/style>\n<p class=\"kt-adv-heading4219_cac00d-d2 wp-block-kadence-advancedheading\" data-kb-block=\"kb-adv-heading4219_cac00d-d2\"><strong>Low Taper Fade Curly Hair<\/strong> sind stilvolle Haarschnitte, bei denen die Seiten und der Hinterkopf in der N\u00e4he der Ohren allm\u00e4hlich auslaufen, w\u00e4hrend das lockige Haar oben l\u00e4nger bleibt. Dieser Stil l\u00e4sst die Locken nat\u00fcrlich wirken und verleiht dem Haarschnitt gleichzeitig eine saubere und ordentliche Form. Viele M\u00e4nner m\u00f6gen diesen Haarschnitt, weil er modern aussieht und sich leicht stylen l\u00e4sst.<\/p>\n\n\n<style>.wp-block-kadence-advancedheading.kt-adv-heading4219_6401c6-17, .wp-block-kadence-advancedheading.kt-adv-heading4219_6401c6-17[data-kb-block=\"kb-adv-heading4219_6401c6-17\"]{text-align:center;font-style:normal;}.wp-block-kadence-advancedheading.kt-adv-heading4219_6401c6-17 mark.kt-highlight, .wp-block-kadence-advancedheading.kt-adv-heading4219_6401c6-17[data-kb-block=\"kb-adv-heading4219_6401c6-17\"] mark.kt-highlight{font-style:normal;color:#f76a0c;-webkit-box-decoration-break:clone;box-decoration-break:clone;padding-top:0px;padding-right:0px;padding-bottom:0px;padding-left:0px;}.wp-block-kadence-advancedheading.kt-adv-heading4219_6401c6-17 img.kb-inline-image, .wp-block-kadence-advancedheading.kt-adv-heading4219_6401c6-17[data-kb-block=\"kb-adv-heading4219_6401c6-17\"] img.kb-inline-image{width:150px;vertical-align:baseline;}<\/style>\n<h2 class=\"kt-adv-heading4219_6401c6-17 wp-block-kadence-advancedheading has-theme-palette-9-color has-text-color has-theme-palette-3-background-color has-background\" data-kb-block=\"kb-adv-heading4219_6401c6-17\">25 trendige <strong>Low Taper Fade Curly Hair<\/strong><\/h2>\n\n\n<style>.wp-block-kadence-advancedheading.kt-adv-heading4219_b7d668-98, .wp-block-kadence-advancedheading.kt-adv-heading4219_b7d668-98[data-kb-block=\"kb-adv-heading4219_b7d668-98\"]{text-align:center;font-style:normal;}.wp-block-kadence-advancedheading.kt-adv-heading4219_b7d668-98 mark.kt-highlight, .wp-block-kadence-advancedheading.kt-adv-heading4219_b7d668-98[data-kb-block=\"kb-adv-heading4219_b7d668-98\"] mark.kt-highlight{font-style:normal;color:#f76a0c;-webkit-box-decoration-break:clone;box-decoration-break:clone;padding-top:0px;padding-right:0px;padding-bottom:0px;padding-left:0px;}.wp-block-kadence-advancedheading.kt-adv-heading4219_b7d668-98 img.kb-inline-image, .wp-block-kadence-advancedheading.kt-adv-heading4219_b7d668-98[data-kb-block=\"kb-adv-heading4219_b7d668-98\"] img.kb-inline-image{width:150px;vertical-align:baseline;}<\/style>\n<h3 class=\"kt-adv-heading4219_b7d668-98 wp-block-kadence-advancedheading has-theme-palette-9-color has-text-color has-theme-palette-3-background-color has-background\" data-kb-block=\"kb-adv-heading4219_b7d668-98\">Klassischer <strong>Low Taper Fade Curly Hair<\/strong><\/h3>\n\n\n<div class=\"wp-block-image\">\n<figure class=\"aligncenter size-full is-resized\"><img decoding=\"async\" width=\"500\" height=\"500\" src=\"https:\/\/lowtaperfades.com\/wp-content\/uploads\/2026\/02\/Untitled-design-2026-02-28T062555.461.webp\" alt=\"Low taper fade classic curly hair for men with natural curls on top and clean tapered\" class=\"wp-image-1087\" style=\"object-fit:cover;width:400px;height:400px\" srcset=\"https:\/\/lowtaperfades.com\/wp-content\/uploads\/2026\/02\/Untitled-design-2026-02-28T062555.461.webp 500w, https:\/\/lowtaperfades.com\/wp-content\/uploads\/2026\/02\/Untitled-design-2026-02-28T062555.461-300x300.webp 300w, https:\/\/lowtaperfades.com\/wp-content\/uploads\/2026\/02\/Untitled-design-2026-02-28T062555.461-150x150.webp 150w\" sizes=\"(max-width: 500px) 100vw, 500px\" \/><figcaption class=\"wp-element-caption\">Low Taper Fade Classic Curly Hair<\/figcaption><\/figure>\n<\/div>\n\n<style>.wp-block-kadence-advancedheading.kt-adv-heading4219_872426-e1, .wp-block-kadence-advancedheading.kt-adv-heading4219_872426-e1[data-kb-block=\"kb-adv-heading4219_872426-e1\"]{max-width:1080px;padding-right:var(--global-kb-spacing-lg, 3rem);padding-left:var(--global-kb-spacing-lg, 3rem);font-style:normal;}.wp-block-kadence-advancedheading.kt-adv-heading4219_872426-e1 mark.kt-highlight, .wp-block-kadence-advancedheading.kt-adv-heading4219_872426-e1[data-kb-block=\"kb-adv-heading4219_872426-e1\"] mark.kt-highlight{font-style:normal;color:#f76a0c;-webkit-box-decoration-break:clone;box-decoration-break:clone;padding-top:0px;padding-right:0px;padding-bottom:0px;padding-left:0px;}.wp-block-kadence-advancedheading.kt-adv-heading4219_872426-e1 img.kb-inline-image, .wp-block-kadence-advancedheading.kt-adv-heading4219_872426-e1[data-kb-block=\"kb-adv-heading4219_872426-e1\"] img.kb-inline-image{width:150px;vertical-align:baseline;}<\/style>\n<p class=\"kt-adv-heading4219_872426-e1 wp-block-kadence-advancedheading\" data-kb-block=\"kb-adv-heading4219_872426-e1\">Der <strong>Low Taper mit kurzem lockigem Oberhaar<\/strong> ist ein sauberer und trendiger Haarschnitt f\u00fcr M\u00e4nner mit lockigem Haar. Die Seiten sind niedrig auslaufend (low fade), w\u00e4hrend das Haar oben kurz und strukturiert bleibt. Dadurch entsteht ein frischer, leicht zu stylender Look, der perfekt f\u00fcr Schule, Arbeit oder Treffen mit Freunden ist. F\u00fcr mehr Volumen und Textur schau dir den Guide zu <strong>Low Taper Fade Layered Haircuts<\/strong> an.<br><br><strong>Geeignete Haartypen:<\/strong> Lockere oder mittlere Locken.<br><strong>Styling-Tipp:<\/strong> Leave-in-Conditioner verwenden, um die Locken weich zu halten.<\/p>\n\n\n<style>.kb-row-layout-id4219_cdc799-91 > .kt-row-column-wrap{align-content:start;}:where(.kb-row-layout-id4219_cdc799-91 > .kt-row-column-wrap) > .wp-block-kadence-column{justify-content:start;}.kb-row-layout-id4219_cdc799-91 > .kt-row-column-wrap{column-gap:var(--global-kb-gap-md, 2rem);row-gap:var(--global-kb-gap-md, 2rem);padding-top:var(--global-kb-spacing-sm, 1.5rem);padding-bottom:var(--global-kb-spacing-sm, 1.5rem);grid-template-columns:minmax(0, 1fr);}.kb-row-layout-id4219_cdc799-91 > .kt-row-layout-overlay{opacity:0.30;}@media all and (max-width: 1024px){.kb-row-layout-id4219_cdc799-91 > .kt-row-column-wrap{grid-template-columns:minmax(0, 1fr);}}@media all and (max-width: 767px){.kb-row-layout-id4219_cdc799-91 > .kt-row-column-wrap{grid-template-columns:minmax(0, 1fr);}}<\/style><div class=\"kb-row-layout-wrap kb-row-layout-id4219_cdc799-91 alignnone wp-block-kadence-rowlayout\"><div class=\"kt-row-column-wrap kt-has-1-columns kt-row-layout-equal kt-tab-layout-inherit kt-mobile-layout-row kt-row-valign-top\">\n<style>.kadence-column4219_2e9307-47 > .kt-inside-inner-col,.kadence-column4219_2e9307-47 > .kt-inside-inner-col:before{border-top-left-radius:0px;border-top-right-radius:0px;border-bottom-right-radius:0px;border-bottom-left-radius:0px;}.kadence-column4219_2e9307-47 > .kt-inside-inner-col{column-gap:var(--global-kb-gap-sm, 1rem);}.kadence-column4219_2e9307-47 > .kt-inside-inner-col{flex-direction:column;}.kadence-column4219_2e9307-47 > .kt-inside-inner-col > .aligncenter{width:100%;}.kadence-column4219_2e9307-47 > .kt-inside-inner-col:before{opacity:0.3;}.kadence-column4219_2e9307-47{position:relative;}@media all and (max-width: 1024px){.kadence-column4219_2e9307-47 > .kt-inside-inner-col{flex-direction:column;justify-content:center;}}@media all and (max-width: 767px){.kadence-column4219_2e9307-47 > .kt-inside-inner-col{flex-direction:column;justify-content:center;}}<\/style>\n<div class=\"wp-block-kadence-column kadence-column4219_2e9307-47\"><div class=\"kt-inside-inner-col\"><style>.wp-block-kadence-advancedheading.kt-adv-heading4219_d5667e-74, .wp-block-kadence-advancedheading.kt-adv-heading4219_d5667e-74[data-kb-block=\"kb-adv-heading4219_d5667e-74\"]{text-align:center;font-style:normal;}.wp-block-kadence-advancedheading.kt-adv-heading4219_d5667e-74 mark.kt-highlight, .wp-block-kadence-advancedheading.kt-adv-heading4219_d5667e-74[data-kb-block=\"kb-adv-heading4219_d5667e-74\"] mark.kt-highlight{font-style:normal;color:#f76a0c;-webkit-box-decoration-break:clone;box-decoration-break:clone;padding-top:0px;padding-right:0px;padding-bottom:0px;padding-left:0px;}.wp-block-kadence-advancedheading.kt-adv-heading4219_d5667e-74 img.kb-inline-image, .wp-block-kadence-advancedheading.kt-adv-heading4219_d5667e-74[data-kb-block=\"kb-adv-heading4219_d5667e-74\"] img.kb-inline-image{width:150px;vertical-align:baseline;}<\/style>\n<h3 class=\"kt-adv-heading4219_d5667e-74 wp-block-kadence-advancedheading has-theme-palette-9-color has-text-color has-theme-palette-3-background-color has-background\" data-kb-block=\"kb-adv-heading4219_d5667e-74\">Low Taper mit kurzem lockigem Oberhaar<\/h3>\n\n\n<div class=\"wp-block-image\">\n<figure class=\"aligncenter size-full is-resized\"><img decoding=\"async\" width=\"500\" height=\"500\" src=\"https:\/\/lowtaperfades.com\/wp-content\/uploads\/2026\/02\/Untitled-design-2026-02-28T063037.589.webp\" alt=\"Low taper fade with short curly top for men featuring natural curls on top and clean tapered sides\" class=\"wp-image-1090\" style=\"object-fit:cover;width:400px;height:400px\" srcset=\"https:\/\/lowtaperfades.com\/wp-content\/uploads\/2026\/02\/Untitled-design-2026-02-28T063037.589.webp 500w, https:\/\/lowtaperfades.com\/wp-content\/uploads\/2026\/02\/Untitled-design-2026-02-28T063037.589-300x300.webp 300w, https:\/\/lowtaperfades.com\/wp-content\/uploads\/2026\/02\/Untitled-design-2026-02-28T063037.589-150x150.webp 150w\" sizes=\"(max-width: 500px) 100vw, 500px\" \/><figcaption class=\"wp-element-caption\">Low Taper with Short Curly Top<\/figcaption><\/figure>\n<\/div>\n\n<style>.wp-block-kadence-advancedheading.kt-adv-heading4219_c8fe2b-30, .wp-block-kadence-advancedheading.kt-adv-heading4219_c8fe2b-30[data-kb-block=\"kb-adv-heading4219_c8fe2b-30\"]{max-width:1080px;padding-right:var(--global-kb-spacing-md, 2rem);padding-left:var(--global-kb-spacing-sm, 1.5rem);text-align:left;font-style:normal;}.wp-block-kadence-advancedheading.kt-adv-heading4219_c8fe2b-30 mark.kt-highlight, .wp-block-kadence-advancedheading.kt-adv-heading4219_c8fe2b-30[data-kb-block=\"kb-adv-heading4219_c8fe2b-30\"] mark.kt-highlight{font-style:normal;color:#f76a0c;-webkit-box-decoration-break:clone;box-decoration-break:clone;padding-top:0px;padding-right:0px;padding-bottom:0px;padding-left:0px;}.wp-block-kadence-advancedheading.kt-adv-heading4219_c8fe2b-30 img.kb-inline-image, .wp-block-kadence-advancedheading.kt-adv-heading4219_c8fe2b-30[data-kb-block=\"kb-adv-heading4219_c8fe2b-30\"] img.kb-inline-image{width:150px;vertical-align:baseline;}<\/style>\n<p class=\"kt-adv-heading4219_c8fe2b-30 wp-block-kadence-advancedheading\" data-kb-block=\"kb-adv-heading4219_c8fe2b-30\"><strong>Low Taper Fade Curly Hair mit langen Locken oben<\/strong> sorgt f\u00fcr mehr Volumen und Textur. Die ausgeblendeten Seiten lassen die Locken st\u00e4rker hervorstechen. Dieser Stil ist mutig und gleichzeitig modern.<br><br><strong>Geeignete Haartypen:<\/strong> Dicke oder volumin\u00f6se Locken.<br><strong>Styling-Tipp:<\/strong> Schaumfestiger verwenden f\u00fcr Halt und nat\u00fcrliche Sprungkraft.<\/p>\n\n\n<style>.wp-block-kadence-advancedheading.kt-adv-heading4219_aeb91a-cb, .wp-block-kadence-advancedheading.kt-adv-heading4219_aeb91a-cb[data-kb-block=\"kb-adv-heading4219_aeb91a-cb\"]{text-align:center;font-style:normal;}.wp-block-kadence-advancedheading.kt-adv-heading4219_aeb91a-cb mark.kt-highlight, .wp-block-kadence-advancedheading.kt-adv-heading4219_aeb91a-cb[data-kb-block=\"kb-adv-heading4219_aeb91a-cb\"] mark.kt-highlight{font-style:normal;color:#f76a0c;-webkit-box-decoration-break:clone;box-decoration-break:clone;padding-top:0px;padding-right:0px;padding-bottom:0px;padding-left:0px;}.wp-block-kadence-advancedheading.kt-adv-heading4219_aeb91a-cb img.kb-inline-image, .wp-block-kadence-advancedheading.kt-adv-heading4219_aeb91a-cb[data-kb-block=\"kb-adv-heading4219_aeb91a-cb\"] img.kb-inline-image{width:150px;vertical-align:baseline;}<\/style>\n<h3 class=\"kt-adv-heading4219_aeb91a-cb wp-block-kadence-advancedheading has-theme-palette-9-color has-text-color has-theme-palette-3-background-color has-background\" data-kb-block=\"kb-adv-heading4219_aeb91a-cb\">Low Taper Fade Curly Hair mit langem Oberhaar<\/h3>\n\n\n<div class=\"wp-block-image\">\n<figure class=\"aligncenter size-full is-resized\"><img decoding=\"async\" width=\"500\" height=\"500\" src=\"https:\/\/lowtaperfades.com\/wp-content\/uploads\/2026\/02\/Untitled-design-2026-02-28T064328.232.webp\" alt=\"Low taper fade with Long curly top for men featuring natural curls on top and clean tapered sides\" class=\"wp-image-1092\" style=\"object-fit:cover;width:400px;height:499px\" srcset=\"https:\/\/lowtaperfades.com\/wp-content\/uploads\/2026\/02\/Untitled-design-2026-02-28T064328.232.webp 500w, https:\/\/lowtaperfades.com\/wp-content\/uploads\/2026\/02\/Untitled-design-2026-02-28T064328.232-300x300.webp 300w, https:\/\/lowtaperfades.com\/wp-content\/uploads\/2026\/02\/Untitled-design-2026-02-28T064328.232-150x150.webp 150w\" sizes=\"(max-width: 500px) 100vw, 500px\" \/><figcaption class=\"wp-element-caption\">Low Taper with Long Curly Top<\/figcaption><\/figure>\n<\/div>\n\n<style>.wp-block-kadence-advancedheading.kt-adv-heading4219_262c8f-4b, .wp-block-kadence-advancedheading.kt-adv-heading4219_262c8f-4b[data-kb-block=\"kb-adv-heading4219_262c8f-4b\"]{max-width:1080px;padding-right:var(--global-kb-spacing-lg, 3rem);padding-left:var(--global-kb-spacing-lg, 3rem);font-style:normal;}.wp-block-kadence-advancedheading.kt-adv-heading4219_262c8f-4b mark.kt-highlight, .wp-block-kadence-advancedheading.kt-adv-heading4219_262c8f-4b[data-kb-block=\"kb-adv-heading4219_262c8f-4b\"] mark.kt-highlight{font-style:normal;color:#f76a0c;-webkit-box-decoration-break:clone;box-decoration-break:clone;padding-top:0px;padding-right:0px;padding-bottom:0px;padding-left:0px;}.wp-block-kadence-advancedheading.kt-adv-heading4219_262c8f-4b img.kb-inline-image, .wp-block-kadence-advancedheading.kt-adv-heading4219_262c8f-4b[data-kb-block=\"kb-adv-heading4219_262c8f-4b\"] img.kb-inline-image{width:150px;vertical-align:baseline;}<\/style>\n<p class=\"kt-adv-heading4219_262c8f-4b wp-block-kadence-advancedheading\" data-kb-block=\"kb-adv-heading4219_262c8f-4b\"><strong>Low Taper Fade Curly Hair mit langen Locken oben<\/strong> verleiht Volumen und Textur. Die auslaufenden Seiten lassen die Locken st\u00e4rker hervorstechen. Der Look ist auff\u00e4llig und gleichzeitig modern.<br><br><strong>Geeignete Haartypen:<\/strong> Dicke oder volumin\u00f6se Locken.<br><strong>Styling-Tipp:<\/strong> Schaumfestiger verwenden f\u00fcr Halt und nat\u00fcrliche Sprungkraft.<\/p>\n\n\n<style>.wp-block-kadence-advancedheading.kt-adv-heading4219_8c00a7-8b, .wp-block-kadence-advancedheading.kt-adv-heading4219_8c00a7-8b[data-kb-block=\"kb-adv-heading4219_8c00a7-8b\"]{text-align:center;font-style:normal;}.wp-block-kadence-advancedheading.kt-adv-heading4219_8c00a7-8b mark.kt-highlight, .wp-block-kadence-advancedheading.kt-adv-heading4219_8c00a7-8b[data-kb-block=\"kb-adv-heading4219_8c00a7-8b\"] mark.kt-highlight{font-style:normal;color:#f76a0c;-webkit-box-decoration-break:clone;box-decoration-break:clone;padding-top:0px;padding-right:0px;padding-bottom:0px;padding-left:0px;}.wp-block-kadence-advancedheading.kt-adv-heading4219_8c00a7-8b img.kb-inline-image, .wp-block-kadence-advancedheading.kt-adv-heading4219_8c00a7-8b[data-kb-block=\"kb-adv-heading4219_8c00a7-8b\"] img.kb-inline-image{width:150px;vertical-align:baseline;}<\/style>\n<h3 class=\"kt-adv-heading4219_8c00a7-8b wp-block-kadence-advancedheading has-theme-palette-9-color has-text-color has-theme-palette-3-background-color has-background\" data-kb-block=\"kb-adv-heading4219_8c00a7-8b\">Curly Fringe Low Taper<\/h3>\n\n\n<div class=\"wp-block-image\">\n<figure class=\"aligncenter size-full is-resized\"><img decoding=\"async\" width=\"500\" height=\"500\" src=\"https:\/\/lowtaperfades.com\/wp-content\/uploads\/2026\/02\/Untitled-design-2026-02-28T064730.458.webp\" alt=\"Curly fringe low taper for men featuring curly fringe in the front and clean tapered sides\" class=\"wp-image-1094\" style=\"object-fit:cover;width:400px;height:400px\" srcset=\"https:\/\/lowtaperfades.com\/wp-content\/uploads\/2026\/02\/Untitled-design-2026-02-28T064730.458.webp 500w, https:\/\/lowtaperfades.com\/wp-content\/uploads\/2026\/02\/Untitled-design-2026-02-28T064730.458-300x300.webp 300w, https:\/\/lowtaperfades.com\/wp-content\/uploads\/2026\/02\/Untitled-design-2026-02-28T064730.458-150x150.webp 150w\" sizes=\"(max-width: 500px) 100vw, 500px\" \/><figcaption class=\"wp-element-caption\">Curly Fringe Low Taper<\/figcaption><\/figure>\n<\/div>\n\n<style>.wp-block-kadence-advancedheading.kt-adv-heading4219_1530fc-4c, .wp-block-kadence-advancedheading.kt-adv-heading4219_1530fc-4c[data-kb-block=\"kb-adv-heading4219_1530fc-4c\"]{max-width:1080px;padding-right:var(--global-kb-spacing-lg, 3rem);padding-left:var(--global-kb-spacing-lg, 3rem);font-style:normal;}.wp-block-kadence-advancedheading.kt-adv-heading4219_1530fc-4c mark.kt-highlight, .wp-block-kadence-advancedheading.kt-adv-heading4219_1530fc-4c[data-kb-block=\"kb-adv-heading4219_1530fc-4c\"] mark.kt-highlight{font-style:normal;color:#f76a0c;-webkit-box-decoration-break:clone;box-decoration-break:clone;padding-top:0px;padding-right:0px;padding-bottom:0px;padding-left:0px;}.wp-block-kadence-advancedheading.kt-adv-heading4219_1530fc-4c img.kb-inline-image, .wp-block-kadence-advancedheading.kt-adv-heading4219_1530fc-4c[data-kb-block=\"kb-adv-heading4219_1530fc-4c\"] img.kb-inline-image{width:150px;vertical-align:baseline;}<\/style>\n<p class=\"kt-adv-heading4219_1530fc-4c wp-block-kadence-advancedheading\" data-kb-block=\"kb-adv-heading4219_1530fc-4c\">Das lockige Haar f\u00e4llt leicht \u00fcber die Stirn, w\u00e4hrend die Seiten niedrig auslaufen. Dies sorgt f\u00fcr ein jugendliches und trendiges Aussehen. M\u00e4nner, die einen sehr kurzen Haarschnitt bevorzugen, m\u00f6gen vielleicht den <strong>Low Taper Fade Buzz Cut<\/strong> f\u00fcr einen sauberen und einfachen Stil.<br><br><strong>Geeignete Haartypen:<\/strong> Lockere bis mittlere Locken.<br><strong>Styling-Tipp:<\/strong> Lockencreme verwenden und die Locken mit den Fingern nach vorne stylen f\u00fcr einen nat\u00fcrlichen Look.<\/p>\n\n\n<style>.wp-block-kadence-advancedheading.kt-adv-heading4219_7634d4-e1, .wp-block-kadence-advancedheading.kt-adv-heading4219_7634d4-e1[data-kb-block=\"kb-adv-heading4219_7634d4-e1\"]{text-align:center;font-style:normal;}.wp-block-kadence-advancedheading.kt-adv-heading4219_7634d4-e1 mark.kt-highlight, .wp-block-kadence-advancedheading.kt-adv-heading4219_7634d4-e1[data-kb-block=\"kb-adv-heading4219_7634d4-e1\"] mark.kt-highlight{font-style:normal;color:#f76a0c;-webkit-box-decoration-break:clone;box-decoration-break:clone;padding-top:0px;padding-right:0px;padding-bottom:0px;padding-left:0px;}.wp-block-kadence-advancedheading.kt-adv-heading4219_7634d4-e1 img.kb-inline-image, .wp-block-kadence-advancedheading.kt-adv-heading4219_7634d4-e1[data-kb-block=\"kb-adv-heading4219_7634d4-e1\"] img.kb-inline-image{width:150px;vertical-align:baseline;}<\/style>\n<h3 class=\"kt-adv-heading4219_7634d4-e1 wp-block-kadence-advancedheading has-theme-palette-9-color has-text-color has-theme-palette-3-background-color has-background\" data-kb-block=\"kb-adv-heading4219_7634d4-e1\"> Low Taper Curly Messy<\/h3>\n\n\n<div class=\"wp-block-image\">\n<figure class=\"aligncenter size-full is-resized\"><img decoding=\"async\" width=\"500\" height=\"500\" src=\"https:\/\/lowtaperfades.com\/wp-content\/uploads\/2026\/02\/Untitled-design-2026-02-28T065129.792.webp\" alt=\"Low taper curly messy hairstyle for men with natural messy curls on top and clean tapered sides\" class=\"wp-image-1095\" style=\"object-fit:cover;width:400px;height:400px\" srcset=\"https:\/\/lowtaperfades.com\/wp-content\/uploads\/2026\/02\/Untitled-design-2026-02-28T065129.792.webp 500w, https:\/\/lowtaperfades.com\/wp-content\/uploads\/2026\/02\/Untitled-design-2026-02-28T065129.792-300x300.webp 300w, https:\/\/lowtaperfades.com\/wp-content\/uploads\/2026\/02\/Untitled-design-2026-02-28T065129.792-150x150.webp 150w\" sizes=\"(max-width: 500px) 100vw, 500px\" \/><figcaption class=\"wp-element-caption\">Low Taper Curly Messy Hairstyle<\/figcaption><\/figure>\n<\/div>\n\n<style>.wp-block-kadence-advancedheading.kt-adv-heading4219_86390d-01, .wp-block-kadence-advancedheading.kt-adv-heading4219_86390d-01[data-kb-block=\"kb-adv-heading4219_86390d-01\"]{max-width:1080px;padding-right:var(--global-kb-spacing-lg, 3rem);padding-left:var(--global-kb-spacing-lg, 3rem);font-style:normal;}.wp-block-kadence-advancedheading.kt-adv-heading4219_86390d-01 mark.kt-highlight, .wp-block-kadence-advancedheading.kt-adv-heading4219_86390d-01[data-kb-block=\"kb-adv-heading4219_86390d-01\"] mark.kt-highlight{font-style:normal;color:#f76a0c;-webkit-box-decoration-break:clone;box-decoration-break:clone;padding-top:0px;padding-right:0px;padding-bottom:0px;padding-left:0px;}.wp-block-kadence-advancedheading.kt-adv-heading4219_86390d-01 img.kb-inline-image, .wp-block-kadence-advancedheading.kt-adv-heading4219_86390d-01[data-kb-block=\"kb-adv-heading4219_86390d-01\"] img.kb-inline-image{width:150px;vertical-align:baseline;}<\/style>\n<p class=\"kt-adv-heading4219_86390d-01 wp-block-kadence-advancedheading\" data-kb-block=\"kb-adv-heading4219_86390d-01\"><strong>Der Low Taper Curly Messy<\/strong> ist ein cooler und einfacher Haarschnitt f\u00fcr M\u00e4nner mit lockigem Haar. Das Haar oben bleibt voll und lockig, w\u00e4hrend die Seiten kurz und sauber sind. Der Look ist l\u00e4ssig, stilvoll und eignet sich f\u00fcr Schule, Arbeit oder Freizeit.<br><br><strong>Geeignete Haartypen:<\/strong> Mittlere Locken, leicht krause Locken.<br><strong>Styling-Tipp:<\/strong> Locken mit Lockencreme kneten (scrunchen), um eine weiche Textur zu erhalten.<\/p>\n\n\n<style>.wp-block-kadence-advancedheading.kt-adv-heading4219_3c4ed8-bf, .wp-block-kadence-advancedheading.kt-adv-heading4219_3c4ed8-bf[data-kb-block=\"kb-adv-heading4219_3c4ed8-bf\"]{text-align:center;font-style:normal;}.wp-block-kadence-advancedheading.kt-adv-heading4219_3c4ed8-bf mark.kt-highlight, .wp-block-kadence-advancedheading.kt-adv-heading4219_3c4ed8-bf[data-kb-block=\"kb-adv-heading4219_3c4ed8-bf\"] mark.kt-highlight{font-style:normal;color:#f76a0c;-webkit-box-decoration-break:clone;box-decoration-break:clone;padding-top:0px;padding-right:0px;padding-bottom:0px;padding-left:0px;}.wp-block-kadence-advancedheading.kt-adv-heading4219_3c4ed8-bf img.kb-inline-image, .wp-block-kadence-advancedheading.kt-adv-heading4219_3c4ed8-bf[data-kb-block=\"kb-adv-heading4219_3c4ed8-bf\"] img.kb-inline-image{width:150px;vertical-align:baseline;}<\/style>\n<h3 class=\"kt-adv-heading4219_3c4ed8-bf wp-block-kadence-advancedheading has-theme-palette-9-color has-text-color has-theme-palette-3-background-color has-background\" data-kb-block=\"kb-adv-heading4219_3c4ed8-bf\">Curly Low Taper with Beard<\/h3>\n\n\n<div class=\"wp-block-image\">\n<figure class=\"aligncenter size-full is-resized\"><img decoding=\"async\" width=\"500\" height=\"500\" src=\"https:\/\/lowtaperfades.com\/wp-content\/uploads\/2026\/02\/Untitled-design-2026-02-28T065519.026.webp\" alt=\"Curly low taper with beard for men featuring natural curly hair on top and a clean tapered fade\" class=\"wp-image-1098\" style=\"object-fit:cover;width:400px;height:400px\" srcset=\"https:\/\/lowtaperfades.com\/wp-content\/uploads\/2026\/02\/Untitled-design-2026-02-28T065519.026.webp 500w, https:\/\/lowtaperfades.com\/wp-content\/uploads\/2026\/02\/Untitled-design-2026-02-28T065519.026-300x300.webp 300w, https:\/\/lowtaperfades.com\/wp-content\/uploads\/2026\/02\/Untitled-design-2026-02-28T065519.026-150x150.webp 150w\" sizes=\"(max-width: 500px) 100vw, 500px\" \/><figcaption class=\"wp-element-caption\">Curly Low Taper with Beard<\/figcaption><\/figure>\n<\/div>\n\n<style>.wp-block-kadence-advancedheading.kt-adv-heading4219_7bf612-44, .wp-block-kadence-advancedheading.kt-adv-heading4219_7bf612-44[data-kb-block=\"kb-adv-heading4219_7bf612-44\"]{max-width:1080px;padding-right:var(--global-kb-spacing-lg, 3rem);padding-left:var(--global-kb-spacing-lg, 3rem);font-style:normal;}.wp-block-kadence-advancedheading.kt-adv-heading4219_7bf612-44 mark.kt-highlight, .wp-block-kadence-advancedheading.kt-adv-heading4219_7bf612-44[data-kb-block=\"kb-adv-heading4219_7bf612-44\"] mark.kt-highlight{font-style:normal;color:#f76a0c;-webkit-box-decoration-break:clone;box-decoration-break:clone;padding-top:0px;padding-right:0px;padding-bottom:0px;padding-left:0px;}.wp-block-kadence-advancedheading.kt-adv-heading4219_7bf612-44 img.kb-inline-image, .wp-block-kadence-advancedheading.kt-adv-heading4219_7bf612-44[data-kb-block=\"kb-adv-heading4219_7bf612-44\"] img.kb-inline-image{width:150px;vertical-align:baseline;}<\/style>\n<p class=\"kt-adv-heading4219_7bf612-44 wp-block-kadence-advancedheading\" data-kb-block=\"kb-adv-heading4219_7bf612-44\"><strong>Der Curly Low Taper mit Bart<\/strong> ist ein stilvoller Haarschnitt, der besonders gut bei M\u00e4nnern mit lockigem Haar aussieht. Das Haar oben bleibt voll und lockig, die Seiten sind kurz und sauber, und der Bart sorgt f\u00fcr ein reifes, gepflegtes Erscheinungsbild.<br><br><strong>Geeignete Haartypen:<\/strong> Dicke oder stark gelockte Haare.<br><strong>Styling-Tipp:<\/strong> Bart\u00f6l und Lockencreme verwenden f\u00fcr ein gepflegtes Finish.<\/p>\n\n\n<style>.wp-block-kadence-advancedheading.kt-adv-heading4219_b114d4-42, .wp-block-kadence-advancedheading.kt-adv-heading4219_b114d4-42[data-kb-block=\"kb-adv-heading4219_b114d4-42\"]{text-align:center;font-style:normal;}.wp-block-kadence-advancedheading.kt-adv-heading4219_b114d4-42 mark.kt-highlight, .wp-block-kadence-advancedheading.kt-adv-heading4219_b114d4-42[data-kb-block=\"kb-adv-heading4219_b114d4-42\"] mark.kt-highlight{font-style:normal;color:#f76a0c;-webkit-box-decoration-break:clone;box-decoration-break:clone;padding-top:0px;padding-right:0px;padding-bottom:0px;padding-left:0px;}.wp-block-kadence-advancedheading.kt-adv-heading4219_b114d4-42 img.kb-inline-image, .wp-block-kadence-advancedheading.kt-adv-heading4219_b114d4-42[data-kb-block=\"kb-adv-heading4219_b114d4-42\"] img.kb-inline-image{width:150px;vertical-align:baseline;}<\/style>\n<h3 class=\"kt-adv-heading4219_b114d4-42 wp-block-kadence-advancedheading has-theme-palette-9-color has-text-color has-theme-palette-3-background-color has-background\" data-kb-block=\"kb-adv-heading4219_b114d4-42\"> Low Taper Fade Tight Curls<\/h3>\n\n\n<div class=\"wp-block-image\">\n<figure class=\"aligncenter size-full is-resized\"><img decoding=\"async\" width=\"500\" height=\"500\" src=\"https:\/\/lowtaperfades.com\/wp-content\/uploads\/2026\/02\/Untitled-design-2026-02-28T065833.507.webp\" alt=\"Low taper fade with tight curls for men featuring defined tight curls on top and clean tapered sides\" class=\"wp-image-1099\" style=\"object-fit:cover;width:400px;height:400px\" srcset=\"https:\/\/lowtaperfades.com\/wp-content\/uploads\/2026\/02\/Untitled-design-2026-02-28T065833.507.webp 500w, https:\/\/lowtaperfades.com\/wp-content\/uploads\/2026\/02\/Untitled-design-2026-02-28T065833.507-300x300.webp 300w, https:\/\/lowtaperfades.com\/wp-content\/uploads\/2026\/02\/Untitled-design-2026-02-28T065833.507-150x150.webp 150w\" sizes=\"(max-width: 500px) 100vw, 500px\" \/><figcaption class=\"wp-element-caption\">Low Taper Fade Tight Curls<\/figcaption><\/figure>\n<\/div>\n\n<style>.wp-block-kadence-advancedheading.kt-adv-heading4219_148e2d-13, .wp-block-kadence-advancedheading.kt-adv-heading4219_148e2d-13[data-kb-block=\"kb-adv-heading4219_148e2d-13\"]{max-width:1080px;padding-right:var(--global-kb-spacing-lg, 3rem);padding-left:var(--global-kb-spacing-lg, 3rem);font-style:normal;}.wp-block-kadence-advancedheading.kt-adv-heading4219_148e2d-13 mark.kt-highlight, .wp-block-kadence-advancedheading.kt-adv-heading4219_148e2d-13[data-kb-block=\"kb-adv-heading4219_148e2d-13\"] mark.kt-highlight{font-style:normal;color:#f76a0c;-webkit-box-decoration-break:clone;box-decoration-break:clone;padding-top:0px;padding-right:0px;padding-bottom:0px;padding-left:0px;}.wp-block-kadence-advancedheading.kt-adv-heading4219_148e2d-13 img.kb-inline-image, .wp-block-kadence-advancedheading.kt-adv-heading4219_148e2d-13[data-kb-block=\"kb-adv-heading4219_148e2d-13\"] img.kb-inline-image{width:150px;vertical-align:baseline;}<\/style>\n<p class=\"kt-adv-heading4219_148e2d-13 wp-block-kadence-advancedheading\" data-kb-block=\"kb-adv-heading4219_148e2d-13\">Enge Locken bleiben mit einem Low Taper sauber und gut geformt. Die Seiten bleiben ordentlich, w\u00e4hrend das Haar oben seine Struktur beh\u00e4lt. Ideal f\u00fcr stark gelockte Haartypen.<br><br><strong>Geeignete Haartypen:<\/strong> Sehr lockige oder krause Haare.<br><strong>Styling-Tipp:<\/strong> Leichtes Gel verwenden, um die Locken zu definieren.<\/p>\n\n\n<style>.wp-block-kadence-advancedheading.kt-adv-heading4219_d09367-2d, .wp-block-kadence-advancedheading.kt-adv-heading4219_d09367-2d[data-kb-block=\"kb-adv-heading4219_d09367-2d\"]{text-align:center;font-style:normal;}.wp-block-kadence-advancedheading.kt-adv-heading4219_d09367-2d mark.kt-highlight, .wp-block-kadence-advancedheading.kt-adv-heading4219_d09367-2d[data-kb-block=\"kb-adv-heading4219_d09367-2d\"] mark.kt-highlight{font-style:normal;color:#f76a0c;-webkit-box-decoration-break:clone;box-decoration-break:clone;padding-top:0px;padding-right:0px;padding-bottom:0px;padding-left:0px;}.wp-block-kadence-advancedheading.kt-adv-heading4219_d09367-2d img.kb-inline-image, .wp-block-kadence-advancedheading.kt-adv-heading4219_d09367-2d[data-kb-block=\"kb-adv-heading4219_d09367-2d\"] img.kb-inline-image{width:150px;vertical-align:baseline;}<\/style>\n<h3 class=\"kt-adv-heading4219_d09367-2d wp-block-kadence-advancedheading has-theme-palette-9-color has-text-color has-theme-palette-3-background-color has-background\" data-kb-block=\"kb-adv-heading4219_d09367-2d\"> Low Taper With Loose Curls <\/h3>\n\n\n<div class=\"wp-block-image\">\n<figure class=\"aligncenter size-full is-resized\"><img decoding=\"async\" width=\"500\" height=\"500\" src=\"https:\/\/lowtaperfades.com\/wp-content\/uploads\/2026\/02\/Untitled-design-2026-03-03T061740.750.webp\" alt=\"Low taper with loose curls for men featuring soft loose curls on top and clean tapered sides\" class=\"wp-image-1467\" style=\"object-fit:cover;width:400px;height:400px\" srcset=\"https:\/\/lowtaperfades.com\/wp-content\/uploads\/2026\/02\/Untitled-design-2026-03-03T061740.750.webp 500w, https:\/\/lowtaperfades.com\/wp-content\/uploads\/2026\/02\/Untitled-design-2026-03-03T061740.750-300x300.webp 300w, https:\/\/lowtaperfades.com\/wp-content\/uploads\/2026\/02\/Untitled-design-2026-03-03T061740.750-150x150.webp 150w\" sizes=\"(max-width: 500px) 100vw, 500px\" \/><figcaption class=\"wp-element-caption\">Low Taper with Loose Curls<\/figcaption><\/figure>\n<\/div>\n\n<style>.wp-block-kadence-advancedheading.kt-adv-heading4219_e0e56c-d2, .wp-block-kadence-advancedheading.kt-adv-heading4219_e0e56c-d2[data-kb-block=\"kb-adv-heading4219_e0e56c-d2\"]{max-width:1080px;padding-right:var(--global-kb-spacing-lg, 3rem);padding-left:var(--global-kb-spacing-lg, 3rem);font-style:normal;}.wp-block-kadence-advancedheading.kt-adv-heading4219_e0e56c-d2 mark.kt-highlight, .wp-block-kadence-advancedheading.kt-adv-heading4219_e0e56c-d2[data-kb-block=\"kb-adv-heading4219_e0e56c-d2\"] mark.kt-highlight{font-style:normal;color:#f76a0c;-webkit-box-decoration-break:clone;box-decoration-break:clone;padding-top:0px;padding-right:0px;padding-bottom:0px;padding-left:0px;}.wp-block-kadence-advancedheading.kt-adv-heading4219_e0e56c-d2 img.kb-inline-image, .wp-block-kadence-advancedheading.kt-adv-heading4219_e0e56c-d2[data-kb-block=\"kb-adv-heading4219_e0e56c-d2\"] img.kb-inline-image{width:150px;vertical-align:baseline;}<\/style>\n<p class=\"kt-adv-heading4219_e0e56c-d2 wp-block-kadence-advancedheading\" data-kb-block=\"kb-adv-heading4219_e0e56c-d2\"><strong>Der Low Taper mit lockeren Locken<\/strong> ist ein stilvoller und alltagstauglicher Haarschnitt f\u00fcr M\u00e4nner mit lockigem Haar. Das Haar oben bleibt weich und locker, w\u00e4hrend die Seiten sauber auslaufen. Perfekt f\u00fcr Schule, Arbeit oder Freizeit. Wenn du strukturierte Styles magst, kannst du auch den <strong>Low Taper Fade Fluffy Hair<\/strong> ausprobieren \u2013 ein entspannter und trendiger Look.<br><br><strong>Geeignete Haartypen:<\/strong> Lockere bis mittlere Locken.<br><strong>Styling-Tipp:<\/strong> An der Luft trocknen lassen f\u00fcr eine nat\u00fcrliche Form oder eine Lockencreme verwenden.<\/p>\n\n\n<style>.wp-block-kadence-advancedheading.kt-adv-heading4219_f67ed5-62, .wp-block-kadence-advancedheading.kt-adv-heading4219_f67ed5-62[data-kb-block=\"kb-adv-heading4219_f67ed5-62\"]{text-align:center;font-style:normal;}.wp-block-kadence-advancedheading.kt-adv-heading4219_f67ed5-62 mark.kt-highlight, .wp-block-kadence-advancedheading.kt-adv-heading4219_f67ed5-62[data-kb-block=\"kb-adv-heading4219_f67ed5-62\"] mark.kt-highlight{font-style:normal;color:#f76a0c;-webkit-box-decoration-break:clone;box-decoration-break:clone;padding-top:0px;padding-right:0px;padding-bottom:0px;padding-left:0px;}.wp-block-kadence-advancedheading.kt-adv-heading4219_f67ed5-62 img.kb-inline-image, .wp-block-kadence-advancedheading.kt-adv-heading4219_f67ed5-62[data-kb-block=\"kb-adv-heading4219_f67ed5-62\"] img.kb-inline-image{width:150px;vertical-align:baseline;}<\/style>\n<h3 class=\"kt-adv-heading4219_f67ed5-62 wp-block-kadence-advancedheading has-theme-palette-9-color has-text-color has-theme-palette-3-background-color has-background\" data-kb-block=\"kb-adv-heading4219_f67ed5-62\"> Low Taper Curly Hair Afro<\/h3>\n\n\n<div class=\"wp-block-image\">\n<figure class=\"aligncenter size-full is-resized\"><img decoding=\"async\" width=\"500\" height=\"500\" src=\"https:\/\/lowtaperfades.com\/wp-content\/uploads\/2026\/02\/Untitled-design-2026-03-02T143653.534.webp\" alt=\"Low taper curly afro for men featuring natural afro curls on top and clean tapered sides\" class=\"wp-image-1402\" style=\"object-fit:cover;width:400px;height:400px\" srcset=\"https:\/\/lowtaperfades.com\/wp-content\/uploads\/2026\/02\/Untitled-design-2026-03-02T143653.534.webp 500w, https:\/\/lowtaperfades.com\/wp-content\/uploads\/2026\/02\/Untitled-design-2026-03-02T143653.534-300x300.webp 300w, https:\/\/lowtaperfades.com\/wp-content\/uploads\/2026\/02\/Untitled-design-2026-03-02T143653.534-150x150.webp 150w\" sizes=\"(max-width: 500px) 100vw, 500px\" \/><figcaption class=\"wp-element-caption\">Low Taper Curly Afro<\/figcaption><\/figure>\n<\/div>\n\n<style>.wp-block-kadence-advancedheading.kt-adv-heading4219_8e2095-c3, .wp-block-kadence-advancedheading.kt-adv-heading4219_8e2095-c3[data-kb-block=\"kb-adv-heading4219_8e2095-c3\"]{max-width:1080px;padding-right:var(--global-kb-spacing-lg, 3rem);padding-left:var(--global-kb-spacing-lg, 3rem);font-style:normal;}.wp-block-kadence-advancedheading.kt-adv-heading4219_8e2095-c3 mark.kt-highlight, .wp-block-kadence-advancedheading.kt-adv-heading4219_8e2095-c3[data-kb-block=\"kb-adv-heading4219_8e2095-c3\"] mark.kt-highlight{font-style:normal;color:#f76a0c;-webkit-box-decoration-break:clone;box-decoration-break:clone;padding-top:0px;padding-right:0px;padding-bottom:0px;padding-left:0px;}.wp-block-kadence-advancedheading.kt-adv-heading4219_8e2095-c3 img.kb-inline-image, .wp-block-kadence-advancedheading.kt-adv-heading4219_8e2095-c3[data-kb-block=\"kb-adv-heading4219_8e2095-c3\"] img.kb-inline-image{width:150px;vertical-align:baseline;}<\/style>\n<p class=\"kt-adv-heading4219_8e2095-c3 wp-block-kadence-advancedheading\" data-kb-block=\"kb-adv-heading4219_8e2095-c3\"><strong>Der Low Taper Curly Afro<\/strong> ist ein stilvoller und auff\u00e4lliger Haarschnitt f\u00fcr M\u00e4nner mit lockigem oder krausem Haar. Die Seiten sind niedrig auslaufend, w\u00e4hrend das Haar oben voll und strukturiert bleibt. Das sorgt f\u00fcr einen modernen und frischen Look, der leicht zu pflegen ist und zu jedem Anlass passt. Wenn du nat\u00fcrliche Locken hast, ist der <strong>Low Taper Fade Afro Hair<\/strong> ebenfalls eine stylische Option.<br><br><strong>Geeignete Haartypen:<\/strong> Dichte, afro-texturierte Locken.<br><strong>Styling-Tipp:<\/strong> Einen Schwamm (Sponge Brush) oder Afro-Kamm verwenden, um mehr Volumen zu erzeugen.<\/p>\n\n\n<style>.wp-block-kadence-advancedheading.kt-adv-heading4219_d49879-7e, .wp-block-kadence-advancedheading.kt-adv-heading4219_d49879-7e[data-kb-block=\"kb-adv-heading4219_d49879-7e\"]{text-align:center;font-style:normal;}.wp-block-kadence-advancedheading.kt-adv-heading4219_d49879-7e mark.kt-highlight, .wp-block-kadence-advancedheading.kt-adv-heading4219_d49879-7e[data-kb-block=\"kb-adv-heading4219_d49879-7e\"] mark.kt-highlight{font-style:normal;color:#f76a0c;-webkit-box-decoration-break:clone;box-decoration-break:clone;padding-top:0px;padding-right:0px;padding-bottom:0px;padding-left:0px;}.wp-block-kadence-advancedheading.kt-adv-heading4219_d49879-7e img.kb-inline-image, .wp-block-kadence-advancedheading.kt-adv-heading4219_d49879-7e[data-kb-block=\"kb-adv-heading4219_d49879-7e\"] img.kb-inline-image{width:150px;vertical-align:baseline;}<\/style>\n<h3 class=\"kt-adv-heading4219_d49879-7e wp-block-kadence-advancedheading has-theme-palette-9-color has-text-color has-theme-palette-3-background-color has-background\" data-kb-block=\"kb-adv-heading4219_d49879-7e\">Low Taper Fade Curly Hair with Line Up<\/h3>\n\n\n<div class=\"wp-block-image\">\n<figure class=\"aligncenter size-full is-resized\"><img decoding=\"async\" width=\"500\" height=\"500\" src=\"https:\/\/lowtaperfades.com\/wp-content\/uploads\/2026\/02\/Untitled-design-2026-03-02T144143.295.webp\" alt=\"Low taper fade with line up for men featuring a sharp hairline and clean tapered sides\" class=\"wp-image-1403\" style=\"object-fit:cover;width:400px;height:400px\" srcset=\"https:\/\/lowtaperfades.com\/wp-content\/uploads\/2026\/02\/Untitled-design-2026-03-02T144143.295.webp 500w, https:\/\/lowtaperfades.com\/wp-content\/uploads\/2026\/02\/Untitled-design-2026-03-02T144143.295-300x300.webp 300w, https:\/\/lowtaperfades.com\/wp-content\/uploads\/2026\/02\/Untitled-design-2026-03-02T144143.295-150x150.webp 150w\" sizes=\"(max-width: 500px) 100vw, 500px\" \/><figcaption class=\"wp-element-caption\">Low Taper Fade with Line Up<\/figcaption><\/figure>\n<\/div>\n\n<style>.wp-block-kadence-advancedheading.kt-adv-heading4219_02da0e-9d, .wp-block-kadence-advancedheading.kt-adv-heading4219_02da0e-9d[data-kb-block=\"kb-adv-heading4219_02da0e-9d\"]{max-width:1080px;padding-right:var(--global-kb-spacing-lg, 3rem);padding-left:var(--global-kb-spacing-lg, 3rem);font-style:normal;}.wp-block-kadence-advancedheading.kt-adv-heading4219_02da0e-9d mark.kt-highlight, .wp-block-kadence-advancedheading.kt-adv-heading4219_02da0e-9d[data-kb-block=\"kb-adv-heading4219_02da0e-9d\"] mark.kt-highlight{font-style:normal;color:#f76a0c;-webkit-box-decoration-break:clone;box-decoration-break:clone;padding-top:0px;padding-right:0px;padding-bottom:0px;padding-left:0px;}.wp-block-kadence-advancedheading.kt-adv-heading4219_02da0e-9d img.kb-inline-image, .wp-block-kadence-advancedheading.kt-adv-heading4219_02da0e-9d[data-kb-block=\"kb-adv-heading4219_02da0e-9d\"] img.kb-inline-image{width:150px;vertical-align:baseline;}<\/style>\n<p class=\"kt-adv-heading4219_02da0e-9d wp-block-kadence-advancedheading\" data-kb-block=\"kb-adv-heading4219_02da0e-9d\"><strong>Der Low Taper Fade mit Line Up<\/strong> ist ein scharfer und stilvoller Haarschnitt f\u00fcr M\u00e4nner mit lockigem oder welligem Haar. Die Seiten sind niedrig gefadet, das Deckhaar bleibt nat\u00fcrlich, und die saubere Kontur (Line Up) verleiht dem Look ein frisches und modernes Erscheinungsbild.<br><br><strong>Geeignete Haartypen:<\/strong> Mittlere bis enge Locken.<br><strong>Styling-Tipp:<\/strong> Locken mit leichtem Pomade oder Gel definieren.<\/p>\n\n\n<style>.wp-block-kadence-advancedheading.kt-adv-heading4219_fcdf7e-79, .wp-block-kadence-advancedheading.kt-adv-heading4219_fcdf7e-79[data-kb-block=\"kb-adv-heading4219_fcdf7e-79\"]{text-align:center;font-style:normal;}.wp-block-kadence-advancedheading.kt-adv-heading4219_fcdf7e-79 mark.kt-highlight, .wp-block-kadence-advancedheading.kt-adv-heading4219_fcdf7e-79[data-kb-block=\"kb-adv-heading4219_fcdf7e-79\"] mark.kt-highlight{font-style:normal;color:#f76a0c;-webkit-box-decoration-break:clone;box-decoration-break:clone;padding-top:0px;padding-right:0px;padding-bottom:0px;padding-left:0px;}.wp-block-kadence-advancedheading.kt-adv-heading4219_fcdf7e-79 img.kb-inline-image, .wp-block-kadence-advancedheading.kt-adv-heading4219_fcdf7e-79[data-kb-block=\"kb-adv-heading4219_fcdf7e-79\"] img.kb-inline-image{width:150px;vertical-align:baseline;}<\/style>\n<h3 class=\"kt-adv-heading4219_fcdf7e-79 wp-block-kadence-advancedheading has-theme-palette-9-color has-text-color has-theme-palette-3-background-color has-background\" data-kb-block=\"kb-adv-heading4219_fcdf7e-79\">Low Taper Curly Blowout <\/h3>\n\n\n<div class=\"wp-block-image\">\n<figure class=\"aligncenter size-full is-resized\"><img decoding=\"async\" width=\"500\" height=\"500\" src=\"https:\/\/lowtaperfades.com\/wp-content\/uploads\/2026\/02\/Untitled-design-2026-03-03T062820.547.webp\" alt=\"Low taper curly blowout for men with voluminous curly hair on top and clean tapered sides\" class=\"wp-image-1471\" style=\"object-fit:cover;width:400px;height:400px\" srcset=\"https:\/\/lowtaperfades.com\/wp-content\/uploads\/2026\/02\/Untitled-design-2026-03-03T062820.547.webp 500w, https:\/\/lowtaperfades.com\/wp-content\/uploads\/2026\/02\/Untitled-design-2026-03-03T062820.547-300x300.webp 300w, https:\/\/lowtaperfades.com\/wp-content\/uploads\/2026\/02\/Untitled-design-2026-03-03T062820.547-150x150.webp 150w\" sizes=\"(max-width: 500px) 100vw, 500px\" \/><figcaption class=\"wp-element-caption\">Low Taper Curly Blowout<\/figcaption><\/figure>\n<\/div>\n\n<style>.wp-block-kadence-advancedheading.kt-adv-heading4219_55e099-73, .wp-block-kadence-advancedheading.kt-adv-heading4219_55e099-73[data-kb-block=\"kb-adv-heading4219_55e099-73\"]{max-width:1080px;padding-right:var(--global-kb-spacing-lg, 3rem);padding-left:var(--global-kb-spacing-lg, 3rem);font-style:normal;}.wp-block-kadence-advancedheading.kt-adv-heading4219_55e099-73 mark.kt-highlight, .wp-block-kadence-advancedheading.kt-adv-heading4219_55e099-73[data-kb-block=\"kb-adv-heading4219_55e099-73\"] mark.kt-highlight{font-style:normal;color:#f76a0c;-webkit-box-decoration-break:clone;box-decoration-break:clone;padding-top:0px;padding-right:0px;padding-bottom:0px;padding-left:0px;}.wp-block-kadence-advancedheading.kt-adv-heading4219_55e099-73 img.kb-inline-image, .wp-block-kadence-advancedheading.kt-adv-heading4219_55e099-73[data-kb-block=\"kb-adv-heading4219_55e099-73\"] img.kb-inline-image{width:150px;vertical-align:baseline;}<\/style>\n<p class=\"kt-adv-heading4219_55e099-73 wp-block-kadence-advancedheading\" data-kb-block=\"kb-adv-heading4219_55e099-73\"><strong>Der Low Taper Curly Blowout<\/strong> sorgt f\u00fcr mehr H\u00f6he und Volumen im oberen Bereich. Die Seiten sind niedrig gefadet und geben dem Haarschnitt ein sauberes Finish. Perfekt f\u00fcr volumin\u00f6se Lockenstyles.<br><br><strong>Geeignete Haartypen:<\/strong> Dicke oder volumin\u00f6se Locken.<br><strong>Styling-Tipp:<\/strong> Mit Diffusor f\u00f6hnen, um zus\u00e4tzliches Volumen zu erzeugen.<\/p>\n\n\n<style>.wp-block-kadence-advancedheading.kt-adv-heading4219_201254-b2, .wp-block-kadence-advancedheading.kt-adv-heading4219_201254-b2[data-kb-block=\"kb-adv-heading4219_201254-b2\"]{text-align:center;font-style:normal;}.wp-block-kadence-advancedheading.kt-adv-heading4219_201254-b2 mark.kt-highlight, .wp-block-kadence-advancedheading.kt-adv-heading4219_201254-b2[data-kb-block=\"kb-adv-heading4219_201254-b2\"] mark.kt-highlight{font-style:normal;color:#f76a0c;-webkit-box-decoration-break:clone;box-decoration-break:clone;padding-top:0px;padding-right:0px;padding-bottom:0px;padding-left:0px;}.wp-block-kadence-advancedheading.kt-adv-heading4219_201254-b2 img.kb-inline-image, .wp-block-kadence-advancedheading.kt-adv-heading4219_201254-b2[data-kb-block=\"kb-adv-heading4219_201254-b2\"] img.kb-inline-image{width:150px;vertical-align:baseline;}<\/style>\n<h3 class=\"kt-adv-heading4219_201254-b2 wp-block-kadence-advancedheading has-theme-palette-9-color has-text-color has-theme-palette-3-background-color has-background\" data-kb-block=\"kb-adv-heading4219_201254-b2\">Low Taper Fade with Highlights<\/h3>\n\n\n<div class=\"wp-block-image\">\n<figure class=\"aligncenter size-full is-resized\"><img decoding=\"async\" width=\"500\" height=\"500\" src=\"https:\/\/lowtaperfades.com\/wp-content\/uploads\/2026\/02\/Untitled-design-2026-03-03T063145.943.webp\" alt=\"Low taper fade with highlights for men featuring highlighted hair on top and clean tapered sides\" class=\"wp-image-1473\" style=\"object-fit:cover;width:400px;height:400px\" srcset=\"https:\/\/lowtaperfades.com\/wp-content\/uploads\/2026\/02\/Untitled-design-2026-03-03T063145.943.webp 500w, https:\/\/lowtaperfades.com\/wp-content\/uploads\/2026\/02\/Untitled-design-2026-03-03T063145.943-300x300.webp 300w, https:\/\/lowtaperfades.com\/wp-content\/uploads\/2026\/02\/Untitled-design-2026-03-03T063145.943-150x150.webp 150w\" sizes=\"(max-width: 500px) 100vw, 500px\" \/><figcaption class=\"wp-element-caption\">Low Taper Fade with Highlights<\/figcaption><\/figure>\n<\/div>\n\n<style>.wp-block-kadence-advancedheading.kt-adv-heading4219_4304da-ed, .wp-block-kadence-advancedheading.kt-adv-heading4219_4304da-ed[data-kb-block=\"kb-adv-heading4219_4304da-ed\"]{max-width:1080px;padding-right:var(--global-kb-spacing-lg, 3rem);padding-left:var(--global-kb-spacing-lg, 3rem);font-style:normal;}.wp-block-kadence-advancedheading.kt-adv-heading4219_4304da-ed mark.kt-highlight, .wp-block-kadence-advancedheading.kt-adv-heading4219_4304da-ed[data-kb-block=\"kb-adv-heading4219_4304da-ed\"] mark.kt-highlight{font-style:normal;color:#f76a0c;-webkit-box-decoration-break:clone;box-decoration-break:clone;padding-top:0px;padding-right:0px;padding-bottom:0px;padding-left:0px;}.wp-block-kadence-advancedheading.kt-adv-heading4219_4304da-ed img.kb-inline-image, .wp-block-kadence-advancedheading.kt-adv-heading4219_4304da-ed[data-kb-block=\"kb-adv-heading4219_4304da-ed\"] img.kb-inline-image{width:150px;vertical-align:baseline;}<\/style>\n<p class=\"kt-adv-heading4219_4304da-ed wp-block-kadence-advancedheading\" data-kb-block=\"kb-adv-heading4219_4304da-ed\"><strong>Der Low Taper Fade mit Highlights<\/strong> ist ein trendiger Haarschnitt f\u00fcr M\u00e4nner mit lockigem oder welligem Haar. Die Seiten sind sauber und niedrig gefadet, das Deckhaar bleibt strukturiert, und die Highlights verleihen dem Look mehr Tiefe und Stil. F\u00fcr einen auff\u00e4lligen Look kannst du auch den <strong>Low Taper Fade Black Haircut<\/strong> ausprobieren.<br><br><strong>Geeignete Haartypen:<\/strong> Mittlere bis lockere Locken.<br><strong>Styling-Tipp:<\/strong> Farbfreundliche Lockencreme verwenden, um die Highlights zu erhalten.<\/p>\n\n\n<style>.wp-block-kadence-advancedheading.kt-adv-heading4219_1e46c6-6e, .wp-block-kadence-advancedheading.kt-adv-heading4219_1e46c6-6e[data-kb-block=\"kb-adv-heading4219_1e46c6-6e\"]{text-align:center;font-style:normal;}.wp-block-kadence-advancedheading.kt-adv-heading4219_1e46c6-6e mark.kt-highlight, .wp-block-kadence-advancedheading.kt-adv-heading4219_1e46c6-6e[data-kb-block=\"kb-adv-heading4219_1e46c6-6e\"] mark.kt-highlight{font-style:normal;color:#f76a0c;-webkit-box-decoration-break:clone;box-decoration-break:clone;padding-top:0px;padding-right:0px;padding-bottom:0px;padding-left:0px;}.wp-block-kadence-advancedheading.kt-adv-heading4219_1e46c6-6e img.kb-inline-image, .wp-block-kadence-advancedheading.kt-adv-heading4219_1e46c6-6e[data-kb-block=\"kb-adv-heading4219_1e46c6-6e\"] img.kb-inline-image{width:150px;vertical-align:baseline;}<\/style>\n<h3 class=\"kt-adv-heading4219_1e46c6-6e wp-block-kadence-advancedheading has-theme-palette-9-color has-text-color has-theme-palette-3-background-color has-background\" data-kb-block=\"kb-adv-heading4219_1e46c6-6e\">Low Taper with Curly Hard Part<\/h3>\n\n\n<div class=\"wp-block-image\">\n<figure class=\"aligncenter size-full is-resized\"><img decoding=\"async\" width=\"500\" height=\"500\" src=\"https:\/\/lowtaperfades.com\/wp-content\/uploads\/2026\/02\/Untitled-design-2026-03-03T063452.557.webp\" alt=\"Low taper with curly hard part for men featuring defined curly hair on top and a sharp hard part\" class=\"wp-image-1475\" style=\"object-fit:cover;width:400px;height:400px\" srcset=\"https:\/\/lowtaperfades.com\/wp-content\/uploads\/2026\/02\/Untitled-design-2026-03-03T063452.557.webp 500w, https:\/\/lowtaperfades.com\/wp-content\/uploads\/2026\/02\/Untitled-design-2026-03-03T063452.557-300x300.webp 300w, https:\/\/lowtaperfades.com\/wp-content\/uploads\/2026\/02\/Untitled-design-2026-03-03T063452.557-150x150.webp 150w\" sizes=\"(max-width: 500px) 100vw, 500px\" \/><figcaption class=\"wp-element-caption\">Low Taper with Curly Hard Part<\/figcaption><\/figure>\n<\/div>\n\n<style>.wp-block-kadence-advancedheading.kt-adv-heading4219_8068cd-62, .wp-block-kadence-advancedheading.kt-adv-heading4219_8068cd-62[data-kb-block=\"kb-adv-heading4219_8068cd-62\"]{max-width:1080px;padding-right:var(--global-kb-spacing-lg, 3rem);padding-left:var(--global-kb-spacing-lg, 3rem);font-style:normal;}.wp-block-kadence-advancedheading.kt-adv-heading4219_8068cd-62 mark.kt-highlight, .wp-block-kadence-advancedheading.kt-adv-heading4219_8068cd-62[data-kb-block=\"kb-adv-heading4219_8068cd-62\"] mark.kt-highlight{font-style:normal;color:#f76a0c;-webkit-box-decoration-break:clone;box-decoration-break:clone;padding-top:0px;padding-right:0px;padding-bottom:0px;padding-left:0px;}.wp-block-kadence-advancedheading.kt-adv-heading4219_8068cd-62 img.kb-inline-image, .wp-block-kadence-advancedheading.kt-adv-heading4219_8068cd-62[data-kb-block=\"kb-adv-heading4219_8068cd-62\"] img.kb-inline-image{width:150px;vertical-align:baseline;}<\/style>\n<p class=\"kt-adv-heading4219_8068cd-62 wp-block-kadence-advancedheading\" data-kb-block=\"kb-adv-heading4219_8068cd-62\"><strong>Der Low Taper mit Curly Hard Part<\/strong> ist ein moderner Haarschnitt f\u00fcr M\u00e4nner mit lockigem Haar. Die Seiten sind niedrig gefadet, das Deckhaar bleibt lockig und strukturiert, und der rasierte Scheitel (Hard Part) sorgt f\u00fcr eine klare, stylische Linie.<br><br><strong>Geeignete Haartypen:<\/strong> Mittlere bis enge Locken.<br><strong>Styling-Tipp:<\/strong> Locken mit leichtem Pomade besonders entlang des Scheitels definieren.<\/p>\n\n\n<style>.wp-block-kadence-advancedheading.kt-adv-heading4219_0e08d9-03, .wp-block-kadence-advancedheading.kt-adv-heading4219_0e08d9-03[data-kb-block=\"kb-adv-heading4219_0e08d9-03\"]{text-align:center;font-style:normal;}.wp-block-kadence-advancedheading.kt-adv-heading4219_0e08d9-03 mark.kt-highlight, .wp-block-kadence-advancedheading.kt-adv-heading4219_0e08d9-03[data-kb-block=\"kb-adv-heading4219_0e08d9-03\"] mark.kt-highlight{font-style:normal;color:#f76a0c;-webkit-box-decoration-break:clone;box-decoration-break:clone;padding-top:0px;padding-right:0px;padding-bottom:0px;padding-left:0px;}.wp-block-kadence-advancedheading.kt-adv-heading4219_0e08d9-03 img.kb-inline-image, .wp-block-kadence-advancedheading.kt-adv-heading4219_0e08d9-03[data-kb-block=\"kb-adv-heading4219_0e08d9-03\"] img.kb-inline-image{width:150px;vertical-align:baseline;}<\/style>\n<h3 class=\"kt-adv-heading4219_0e08d9-03 wp-block-kadence-advancedheading has-theme-palette-9-color has-text-color has-theme-palette-3-background-color has-background\" data-kb-block=\"kb-adv-heading4219_0e08d9-03\">Low Taper Curly  Side-Swept <\/h3>\n\n\n<div class=\"wp-block-image\">\n<figure class=\"aligncenter size-full is-resized\"><img decoding=\"async\" width=\"500\" height=\"500\" src=\"https:\/\/lowtaperfades.com\/wp-content\/uploads\/2026\/02\/Untitled-design-2026-03-03T062420.356.webp\" alt=\"Low taper curly side-swept hairstyle for men with curly hair swept to the side and clean tapered sides\" class=\"wp-image-1468\" style=\"object-fit:cover;width:400px;height:400px\" srcset=\"https:\/\/lowtaperfades.com\/wp-content\/uploads\/2026\/02\/Untitled-design-2026-03-03T062420.356.webp 500w, https:\/\/lowtaperfades.com\/wp-content\/uploads\/2026\/02\/Untitled-design-2026-03-03T062420.356-300x300.webp 300w, https:\/\/lowtaperfades.com\/wp-content\/uploads\/2026\/02\/Untitled-design-2026-03-03T062420.356-150x150.webp 150w\" sizes=\"(max-width: 500px) 100vw, 500px\" \/><figcaption class=\"wp-element-caption\">Low Taper Curly Side-Swept<\/figcaption><\/figure>\n<\/div>\n\n<style>.wp-block-kadence-advancedheading.kt-adv-heading4219_c6d22c-fb, .wp-block-kadence-advancedheading.kt-adv-heading4219_c6d22c-fb[data-kb-block=\"kb-adv-heading4219_c6d22c-fb\"]{max-width:1080px;padding-right:var(--global-kb-spacing-lg, 3rem);padding-left:var(--global-kb-spacing-lg, 3rem);font-style:normal;}.wp-block-kadence-advancedheading.kt-adv-heading4219_c6d22c-fb mark.kt-highlight, .wp-block-kadence-advancedheading.kt-adv-heading4219_c6d22c-fb[data-kb-block=\"kb-adv-heading4219_c6d22c-fb\"] mark.kt-highlight{font-style:normal;color:#f76a0c;-webkit-box-decoration-break:clone;box-decoration-break:clone;padding-top:0px;padding-right:0px;padding-bottom:0px;padding-left:0px;}.wp-block-kadence-advancedheading.kt-adv-heading4219_c6d22c-fb img.kb-inline-image, .wp-block-kadence-advancedheading.kt-adv-heading4219_c6d22c-fb[data-kb-block=\"kb-adv-heading4219_c6d22c-fb\"] img.kb-inline-image{width:150px;vertical-align:baseline;}<\/style>\n<p class=\"kt-adv-heading4219_c6d22c-fb wp-block-kadence-advancedheading\" data-kb-block=\"kb-adv-heading4219_c6d22c-fb\">Locken, die zur Seite gek\u00e4mmt sind, wirken elegant. Der Fade h\u00e4lt die Konturen sauber und ordentlich. Dieser Stil ist klassisch und schlicht.<br><strong>Geeignete Haartypen:<\/strong> Lockere oder mittlere Locken.<br><strong>Styling-Tipp:<\/strong> Leichtes Gel oder Creme verwenden, um den Schwung zu erhalten.<\/p>\n\n\n<style>.wp-block-kadence-advancedheading.kt-adv-heading4219_70f45a-58, .wp-block-kadence-advancedheading.kt-adv-heading4219_70f45a-58[data-kb-block=\"kb-adv-heading4219_70f45a-58\"]{text-align:center;font-style:normal;}.wp-block-kadence-advancedheading.kt-adv-heading4219_70f45a-58 mark.kt-highlight, .wp-block-kadence-advancedheading.kt-adv-heading4219_70f45a-58[data-kb-block=\"kb-adv-heading4219_70f45a-58\"] mark.kt-highlight{font-style:normal;color:#f76a0c;-webkit-box-decoration-break:clone;box-decoration-break:clone;padding-top:0px;padding-right:0px;padding-bottom:0px;padding-left:0px;}.wp-block-kadence-advancedheading.kt-adv-heading4219_70f45a-58 img.kb-inline-image, .wp-block-kadence-advancedheading.kt-adv-heading4219_70f45a-58[data-kb-block=\"kb-adv-heading4219_70f45a-58\"] img.kb-inline-image{width:150px;vertical-align:baseline;}<\/style>\n<h3 class=\"kt-adv-heading4219_70f45a-58 wp-block-kadence-advancedheading has-theme-palette-9-color has-text-color has-theme-palette-3-background-color has-background\" data-kb-block=\"kb-adv-heading4219_70f45a-58\">Low Taper With Curly Mullet <\/h3>\n\n\n<div class=\"wp-block-image\">\n<figure class=\"aligncenter size-full is-resized\"><img decoding=\"async\" width=\"500\" height=\"500\" src=\"https:\/\/lowtaperfades.com\/wp-content\/uploads\/2026\/02\/Untitled-design-2026-03-03T063741.712.webp\" alt=\"Low taper with curly mullet for men featuring curly hair on top and longer curls in the back with clean tapered sides\" class=\"wp-image-1476\" style=\"object-fit:cover;width:400px;height:400px\" srcset=\"https:\/\/lowtaperfades.com\/wp-content\/uploads\/2026\/02\/Untitled-design-2026-03-03T063741.712.webp 500w, https:\/\/lowtaperfades.com\/wp-content\/uploads\/2026\/02\/Untitled-design-2026-03-03T063741.712-300x300.webp 300w, https:\/\/lowtaperfades.com\/wp-content\/uploads\/2026\/02\/Untitled-design-2026-03-03T063741.712-150x150.webp 150w\" sizes=\"(max-width: 500px) 100vw, 500px\" \/><figcaption class=\"wp-element-caption\">Low Taper with Curly Mullet<\/figcaption><\/figure>\n<\/div>\n\n<style>.wp-block-kadence-advancedheading.kt-adv-heading4219_134435-cd, .wp-block-kadence-advancedheading.kt-adv-heading4219_134435-cd[data-kb-block=\"kb-adv-heading4219_134435-cd\"]{max-width:1080px;padding-right:var(--global-kb-spacing-lg, 3rem);padding-left:var(--global-kb-spacing-lg, 3rem);font-style:normal;}.wp-block-kadence-advancedheading.kt-adv-heading4219_134435-cd mark.kt-highlight, .wp-block-kadence-advancedheading.kt-adv-heading4219_134435-cd[data-kb-block=\"kb-adv-heading4219_134435-cd\"] mark.kt-highlight{font-style:normal;color:#f76a0c;-webkit-box-decoration-break:clone;box-decoration-break:clone;padding-top:0px;padding-right:0px;padding-bottom:0px;padding-left:0px;}.wp-block-kadence-advancedheading.kt-adv-heading4219_134435-cd img.kb-inline-image, .wp-block-kadence-advancedheading.kt-adv-heading4219_134435-cd[data-kb-block=\"kb-adv-heading4219_134435-cd\"] img.kb-inline-image{width:150px;vertical-align:baseline;}<\/style>\n<p class=\"kt-adv-heading4219_134435-cd wp-block-kadence-advancedheading\" data-kb-block=\"kb-adv-heading4219_134435-cd\">Die Locken bleiben im Nacken l\u00e4nger und sorgen f\u00fcr einen Mullet-Effekt. Die Seiten sind niedrig gefadet und schaffen einen starken Kontrast. Dieser Look ist mutig und im Jahr 2026 sehr im Trend.<br><strong>Geeignete Haartypen:<\/strong> Dicke oder lockere Locken.<br><strong>Styling-Tipp:<\/strong> Lockencreme verwenden, um die hinteren Locken zu definieren.<\/p>\n\n\n<style>.wp-block-kadence-advancedheading.kt-adv-heading4219_89eb54-48, .wp-block-kadence-advancedheading.kt-adv-heading4219_89eb54-48[data-kb-block=\"kb-adv-heading4219_89eb54-48\"]{text-align:center;font-style:normal;}.wp-block-kadence-advancedheading.kt-adv-heading4219_89eb54-48 mark.kt-highlight, .wp-block-kadence-advancedheading.kt-adv-heading4219_89eb54-48[data-kb-block=\"kb-adv-heading4219_89eb54-48\"] mark.kt-highlight{font-style:normal;color:#f76a0c;-webkit-box-decoration-break:clone;box-decoration-break:clone;padding-top:0px;padding-right:0px;padding-bottom:0px;padding-left:0px;}.wp-block-kadence-advancedheading.kt-adv-heading4219_89eb54-48 img.kb-inline-image, .wp-block-kadence-advancedheading.kt-adv-heading4219_89eb54-48[data-kb-block=\"kb-adv-heading4219_89eb54-48\"] img.kb-inline-image{width:150px;vertical-align:baseline;}<\/style>\n<h3 class=\"kt-adv-heading4219_89eb54-48 wp-block-kadence-advancedheading has-theme-palette-9-color has-text-color has-theme-palette-3-background-color has-background\" data-kb-block=\"kb-adv-heading4219_89eb54-48\">Low Taper Thick Curly Hair <\/h3>\n\n\n<div class=\"wp-block-image\">\n<figure class=\"aligncenter size-full is-resized\"><img decoding=\"async\" width=\"1024\" height=\"1024\" src=\"https:\/\/lowtaperfades.com\/wp-content\/uploads\/2026\/02\/Untitled-design-2026-03-02T151235.538.webp\" alt=\"Low Taper Fade haircut with textured curly top, gradual skin taper, and trimmed beard\" class=\"wp-image-1409\" style=\"object-fit:cover;width:400px;height:400px\" srcset=\"https:\/\/lowtaperfades.com\/wp-content\/uploads\/2026\/02\/Untitled-design-2026-03-02T151235.538.webp 1024w, https:\/\/lowtaperfades.com\/wp-content\/uploads\/2026\/02\/Untitled-design-2026-03-02T151235.538-300x300.webp 300w, https:\/\/lowtaperfades.com\/wp-content\/uploads\/2026\/02\/Untitled-design-2026-03-02T151235.538-150x150.webp 150w, https:\/\/lowtaperfades.com\/wp-content\/uploads\/2026\/02\/Untitled-design-2026-03-02T151235.538-768x768.webp 768w\" sizes=\"(max-width: 1024px) 100vw, 1024px\" \/><figcaption class=\"wp-element-caption\">Low Taper Thick Curly Hair <\/figcaption><\/figure>\n<\/div>\n\n<style>.wp-block-kadence-advancedheading.kt-adv-heading4219_c3b77a-de, .wp-block-kadence-advancedheading.kt-adv-heading4219_c3b77a-de[data-kb-block=\"kb-adv-heading4219_c3b77a-de\"]{max-width:1080px;padding-right:var(--global-kb-spacing-lg, 3rem);padding-left:var(--global-kb-spacing-lg, 3rem);font-style:normal;}.wp-block-kadence-advancedheading.kt-adv-heading4219_c3b77a-de mark.kt-highlight, .wp-block-kadence-advancedheading.kt-adv-heading4219_c3b77a-de[data-kb-block=\"kb-adv-heading4219_c3b77a-de\"] mark.kt-highlight{font-style:normal;color:#f76a0c;-webkit-box-decoration-break:clone;box-decoration-break:clone;padding-top:0px;padding-right:0px;padding-bottom:0px;padding-left:0px;}.wp-block-kadence-advancedheading.kt-adv-heading4219_c3b77a-de img.kb-inline-image, .wp-block-kadence-advancedheading.kt-adv-heading4219_c3b77a-de[data-kb-block=\"kb-adv-heading4219_c3b77a-de\"] img.kb-inline-image{width:150px;vertical-align:baseline;}<\/style>\n<p class=\"kt-adv-heading4219_c3b77a-de wp-block-kadence-advancedheading\" data-kb-block=\"kb-adv-heading4219_c3b77a-de\">Dicke Locken wirken schwer, werden hier aber gut kontrolliert. Der Fade entfernt Volumen an den Seiten, w\u00e4hrend das Deckhaar voll und stilvoll bleibt. F\u00fcr einen modernen Front-Look k\u00f6nnte dir auch der <strong>Low Taper Fade Messy Haircut<\/strong> gefallen.<br><strong>Geeignete Haartypen:<\/strong> Dicke, dichte Locken.<br><strong>Styling-Tipp:<\/strong> Leichte Leave-in-Conditioner verwenden, um das Haar weicher zu machen.<\/p>\n\n\n<style>.wp-block-kadence-advancedheading.kt-adv-heading4219_ef446f-e5, .wp-block-kadence-advancedheading.kt-adv-heading4219_ef446f-e5[data-kb-block=\"kb-adv-heading4219_ef446f-e5\"]{text-align:center;font-style:normal;}.wp-block-kadence-advancedheading.kt-adv-heading4219_ef446f-e5 mark.kt-highlight, .wp-block-kadence-advancedheading.kt-adv-heading4219_ef446f-e5[data-kb-block=\"kb-adv-heading4219_ef446f-e5\"] mark.kt-highlight{font-style:normal;color:#f76a0c;-webkit-box-decoration-break:clone;box-decoration-break:clone;padding-top:0px;padding-right:0px;padding-bottom:0px;padding-left:0px;}.wp-block-kadence-advancedheading.kt-adv-heading4219_ef446f-e5 img.kb-inline-image, .wp-block-kadence-advancedheading.kt-adv-heading4219_ef446f-e5[data-kb-block=\"kb-adv-heading4219_ef446f-e5\"] img.kb-inline-image{width:150px;vertical-align:baseline;}<\/style>\n<h3 class=\"kt-adv-heading4219_ef446f-e5 wp-block-kadence-advancedheading has-theme-palette-9-color has-text-color has-theme-palette-3-background-color has-background\" data-kb-block=\"kb-adv-heading4219_ef446f-e5\">Low Taper Thin Curly Hair <\/h3>\n\n\n<div class=\"wp-block-image\">\n<figure class=\"aligncenter size-full is-resized\"><img decoding=\"async\" width=\"1024\" height=\"1024\" src=\"https:\/\/lowtaperfades.com\/wp-content\/uploads\/2026\/02\/Untitled-design-2026-03-02T151526.085.webp\" alt=\"Low taper thin curly hair for men featuring light natural curls on top and clean tapered sides\" class=\"wp-image-1410\" style=\"object-fit:cover;width:400px;height:400px\" srcset=\"https:\/\/lowtaperfades.com\/wp-content\/uploads\/2026\/02\/Untitled-design-2026-03-02T151526.085.webp 1024w, https:\/\/lowtaperfades.com\/wp-content\/uploads\/2026\/02\/Untitled-design-2026-03-02T151526.085-300x300.webp 300w, https:\/\/lowtaperfades.com\/wp-content\/uploads\/2026\/02\/Untitled-design-2026-03-02T151526.085-150x150.webp 150w, https:\/\/lowtaperfades.com\/wp-content\/uploads\/2026\/02\/Untitled-design-2026-03-02T151526.085-768x768.webp 768w\" sizes=\"(max-width: 1024px) 100vw, 1024px\" \/><figcaption class=\"wp-element-caption\">Low Taper Thin Curly Hair<\/figcaption><\/figure>\n<\/div>\n\n<style>.wp-block-kadence-advancedheading.kt-adv-heading4219_6c96b3-f7, .wp-block-kadence-advancedheading.kt-adv-heading4219_6c96b3-f7[data-kb-block=\"kb-adv-heading4219_6c96b3-f7\"]{max-width:1080px;padding-right:var(--global-kb-spacing-lg, 3rem);padding-left:var(--global-kb-spacing-lg, 3rem);font-style:normal;}.wp-block-kadence-advancedheading.kt-adv-heading4219_6c96b3-f7 mark.kt-highlight, .wp-block-kadence-advancedheading.kt-adv-heading4219_6c96b3-f7[data-kb-block=\"kb-adv-heading4219_6c96b3-f7\"] mark.kt-highlight{font-style:normal;color:#f76a0c;-webkit-box-decoration-break:clone;box-decoration-break:clone;padding-top:0px;padding-right:0px;padding-bottom:0px;padding-left:0px;}.wp-block-kadence-advancedheading.kt-adv-heading4219_6c96b3-f7 img.kb-inline-image, .wp-block-kadence-advancedheading.kt-adv-heading4219_6c96b3-f7[data-kb-block=\"kb-adv-heading4219_6c96b3-f7\"] img.kb-inline-image{width:150px;vertical-align:baseline;}<\/style>\n<p class=\"kt-adv-heading4219_6c96b3-f7 wp-block-kadence-advancedheading\" data-kb-block=\"kb-adv-heading4219_6c96b3-f7\">Dieser Stil l\u00e4sst feine Locken voller wirken. Die sauberen Seiten lassen die Locken oben st\u00e4rker hervorstechen. Der Look ist einfach und schmeichelhaft.<br><strong>Geeignete Haartypen:<\/strong> Feine oder d\u00fcnne Locken.<br><strong>Styling-Tipp:<\/strong> Volumenschaum verwenden f\u00fcr mehr F\u00fclle.<\/p>\n\n\n<style>.wp-block-kadence-advancedheading.kt-adv-heading4219_1b6c56-3b, .wp-block-kadence-advancedheading.kt-adv-heading4219_1b6c56-3b[data-kb-block=\"kb-adv-heading4219_1b6c56-3b\"]{text-align:center;font-style:normal;}.wp-block-kadence-advancedheading.kt-adv-heading4219_1b6c56-3b mark.kt-highlight, .wp-block-kadence-advancedheading.kt-adv-heading4219_1b6c56-3b[data-kb-block=\"kb-adv-heading4219_1b6c56-3b\"] mark.kt-highlight{font-style:normal;color:#f76a0c;-webkit-box-decoration-break:clone;box-decoration-break:clone;padding-top:0px;padding-right:0px;padding-bottom:0px;padding-left:0px;}.wp-block-kadence-advancedheading.kt-adv-heading4219_1b6c56-3b img.kb-inline-image, .wp-block-kadence-advancedheading.kt-adv-heading4219_1b6c56-3b[data-kb-block=\"kb-adv-heading4219_1b6c56-3b\"] img.kb-inline-image{width:150px;vertical-align:baseline;}<\/style>\n<h3 class=\"kt-adv-heading4219_1b6c56-3b wp-block-kadence-advancedheading has-theme-palette-9-color has-text-color has-theme-palette-3-background-color has-background\" data-kb-block=\"kb-adv-heading4219_1b6c56-3b\">Low Taper Fade Curly Teen <\/h3>\n\n\n<div class=\"wp-block-image\">\n<figure class=\"aligncenter size-full is-resized\"><img decoding=\"async\" width=\"500\" height=\"500\" src=\"https:\/\/lowtaperfades.com\/wp-content\/uploads\/2026\/02\/Untitled-design-2026-03-02T152145.516.webp\" alt=\"Low taper fade curly teen hairstyle with natural curls on top and clean tapered sides\" class=\"wp-image-1411\" style=\"object-fit:cover;width:400px;height:400px\" srcset=\"https:\/\/lowtaperfades.com\/wp-content\/uploads\/2026\/02\/Untitled-design-2026-03-02T152145.516.webp 500w, https:\/\/lowtaperfades.com\/wp-content\/uploads\/2026\/02\/Untitled-design-2026-03-02T152145.516-300x300.webp 300w, https:\/\/lowtaperfades.com\/wp-content\/uploads\/2026\/02\/Untitled-design-2026-03-02T152145.516-150x150.webp 150w\" sizes=\"(max-width: 500px) 100vw, 500px\" \/><figcaption class=\"wp-element-caption\">Low Taper Fade Curly Teen<\/figcaption><\/figure>\n<\/div>\n\n<style>.wp-block-kadence-advancedheading.kt-adv-heading4219_3fcc1b-7c, .wp-block-kadence-advancedheading.kt-adv-heading4219_3fcc1b-7c[data-kb-block=\"kb-adv-heading4219_3fcc1b-7c\"]{max-width:1080px;padding-right:var(--global-kb-spacing-lg, 3rem);padding-left:var(--global-kb-spacing-lg, 3rem);font-style:normal;}.wp-block-kadence-advancedheading.kt-adv-heading4219_3fcc1b-7c mark.kt-highlight, .wp-block-kadence-advancedheading.kt-adv-heading4219_3fcc1b-7c[data-kb-block=\"kb-adv-heading4219_3fcc1b-7c\"] mark.kt-highlight{font-style:normal;color:#f76a0c;-webkit-box-decoration-break:clone;box-decoration-break:clone;padding-top:0px;padding-right:0px;padding-bottom:0px;padding-left:0px;}.wp-block-kadence-advancedheading.kt-adv-heading4219_3fcc1b-7c img.kb-inline-image, .wp-block-kadence-advancedheading.kt-adv-heading4219_3fcc1b-7c[data-kb-block=\"kb-adv-heading4219_3fcc1b-7c\"] img.kb-inline-image{width:150px;vertical-align:baseline;}<\/style>\n<p class=\"kt-adv-heading4219_3fcc1b-7c wp-block-kadence-advancedheading\" data-kb-block=\"kb-adv-heading4219_3fcc1b-7c\">Ein cooler Stil f\u00fcr schulpflichtige Jungen. Die Locken bleiben nat\u00fcrlich und verspielt oben, w\u00e4hrend der Taper den Look ordentlich und scharf h\u00e4lt.<br><strong>Geeignete Haartypen:<\/strong> Lockere bis mittlere Locken.<br><strong>Styling-Tipp:<\/strong> Lockencreme verwenden f\u00fcr eine gut kontrollierbare Struktur.<\/p>\n\n\n<style>.wp-block-kadence-advancedheading.kt-adv-heading4219_5a1d53-ec, .wp-block-kadence-advancedheading.kt-adv-heading4219_5a1d53-ec[data-kb-block=\"kb-adv-heading4219_5a1d53-ec\"]{text-align:center;font-style:normal;}.wp-block-kadence-advancedheading.kt-adv-heading4219_5a1d53-ec mark.kt-highlight, .wp-block-kadence-advancedheading.kt-adv-heading4219_5a1d53-ec[data-kb-block=\"kb-adv-heading4219_5a1d53-ec\"] mark.kt-highlight{font-style:normal;color:#f76a0c;-webkit-box-decoration-break:clone;box-decoration-break:clone;padding-top:0px;padding-right:0px;padding-bottom:0px;padding-left:0px;}.wp-block-kadence-advancedheading.kt-adv-heading4219_5a1d53-ec img.kb-inline-image, .wp-block-kadence-advancedheading.kt-adv-heading4219_5a1d53-ec[data-kb-block=\"kb-adv-heading4219_5a1d53-ec\"] img.kb-inline-image{width:150px;vertical-align:baseline;}<\/style>\n<h3 class=\"kt-adv-heading4219_5a1d53-ec wp-block-kadence-advancedheading has-theme-palette-9-color has-text-color has-theme-palette-3-background-color has-background\" data-kb-block=\"kb-adv-heading4219_5a1d53-ec\">Low Taper Curly Professional <\/h3>\n\n\n<div class=\"wp-block-image\">\n<figure class=\"aligncenter size-full is-resized\"><img decoding=\"async\" width=\"500\" height=\"500\" src=\"https:\/\/lowtaperfades.com\/wp-content\/uploads\/2026\/02\/Untitled-design-2026-03-02T152551.134.webp\" alt=\"Low taper curly professional hairstyle for men with neat curly hair on top and clean tapered sides\" class=\"wp-image-1412\" style=\"object-fit:cover;width:400px;height:400px\" srcset=\"https:\/\/lowtaperfades.com\/wp-content\/uploads\/2026\/02\/Untitled-design-2026-03-02T152551.134.webp 500w, https:\/\/lowtaperfades.com\/wp-content\/uploads\/2026\/02\/Untitled-design-2026-03-02T152551.134-300x300.webp 300w, https:\/\/lowtaperfades.com\/wp-content\/uploads\/2026\/02\/Untitled-design-2026-03-02T152551.134-150x150.webp 150w\" sizes=\"(max-width: 500px) 100vw, 500px\" \/><figcaption class=\"wp-element-caption\">Low Taper Curly Professional<\/figcaption><\/figure>\n<\/div>\n\n<style>.wp-block-kadence-advancedheading.kt-adv-heading4219_daa486-07, .wp-block-kadence-advancedheading.kt-adv-heading4219_daa486-07[data-kb-block=\"kb-adv-heading4219_daa486-07\"]{max-width:1080px;padding-right:var(--global-kb-spacing-lg, 3rem);padding-left:var(--global-kb-spacing-lg, 3rem);font-style:normal;}.wp-block-kadence-advancedheading.kt-adv-heading4219_daa486-07 mark.kt-highlight, .wp-block-kadence-advancedheading.kt-adv-heading4219_daa486-07[data-kb-block=\"kb-adv-heading4219_daa486-07\"] mark.kt-highlight{font-style:normal;color:#f76a0c;-webkit-box-decoration-break:clone;box-decoration-break:clone;padding-top:0px;padding-right:0px;padding-bottom:0px;padding-left:0px;}.wp-block-kadence-advancedheading.kt-adv-heading4219_daa486-07 img.kb-inline-image, .wp-block-kadence-advancedheading.kt-adv-heading4219_daa486-07[data-kb-block=\"kb-adv-heading4219_daa486-07\"] img.kb-inline-image{width:150px;vertical-align:baseline;}<\/style>\n<p class=\"kt-adv-heading4219_daa486-07 wp-block-kadence-advancedheading\" data-kb-block=\"kb-adv-heading4219_daa486-07\">Saubere Locken oben sorgen f\u00fcr einen b\u00fcrotauglichen Look. Der Fade ist weich und nicht zu auff\u00e4llig. Insgesamt wirkt der Stil gepflegt und smart. F\u00fcr einen modernen Front-Look k\u00f6nnte dir auch der <strong>Low Taper Fade Ninja Haircut<\/strong> gefallen.<br><strong>Geeignete Haartypen:<\/strong> Mittlere Locken.<br><strong>Styling-Tipp:<\/strong> Leichtes Gel verwenden f\u00fcr ein ordentliches Finish.<\/p>\n\n\n<style>.wp-block-kadence-advancedheading.kt-adv-heading4219_4326df-d3, .wp-block-kadence-advancedheading.kt-adv-heading4219_4326df-d3[data-kb-block=\"kb-adv-heading4219_4326df-d3\"]{text-align:center;font-style:normal;}.wp-block-kadence-advancedheading.kt-adv-heading4219_4326df-d3 mark.kt-highlight, .wp-block-kadence-advancedheading.kt-adv-heading4219_4326df-d3[data-kb-block=\"kb-adv-heading4219_4326df-d3\"] mark.kt-highlight{font-style:normal;color:#f76a0c;-webkit-box-decoration-break:clone;box-decoration-break:clone;padding-top:0px;padding-right:0px;padding-bottom:0px;padding-left:0px;}.wp-block-kadence-advancedheading.kt-adv-heading4219_4326df-d3 img.kb-inline-image, .wp-block-kadence-advancedheading.kt-adv-heading4219_4326df-d3[data-kb-block=\"kb-adv-heading4219_4326df-d3\"] img.kb-inline-image{width:150px;vertical-align:baseline;}<\/style>\n<h3 class=\"kt-adv-heading4219_4326df-d3 wp-block-kadence-advancedheading has-theme-palette-9-color has-text-color has-theme-palette-3-background-color has-background\" data-kb-block=\"kb-adv-heading4219_4326df-d3\">Low Taper Curly  Casual Everyday <\/h3>\n\n\n<div class=\"wp-block-image\">\n<figure class=\"aligncenter size-full is-resized\"><img decoding=\"async\" width=\"500\" height=\"500\" src=\"https:\/\/lowtaperfades.com\/wp-content\/uploads\/2026\/02\/Untitled-design-2026-03-03T064352.411.webp\" alt=\"Low taper curly casual everyday hairstyle for men with natural curls on top and clean tapered sides\" class=\"wp-image-1479\" style=\"object-fit:cover;width:400px;height:400px\" srcset=\"https:\/\/lowtaperfades.com\/wp-content\/uploads\/2026\/02\/Untitled-design-2026-03-03T064352.411.webp 500w, https:\/\/lowtaperfades.com\/wp-content\/uploads\/2026\/02\/Untitled-design-2026-03-03T064352.411-300x300.webp 300w, https:\/\/lowtaperfades.com\/wp-content\/uploads\/2026\/02\/Untitled-design-2026-03-03T064352.411-150x150.webp 150w\" sizes=\"(max-width: 500px) 100vw, 500px\" \/><figcaption class=\"wp-element-caption\">Low Taper Curly  Casual Everyday <\/figcaption><\/figure>\n<\/div>\n\n<style>.wp-block-kadence-advancedheading.kt-adv-heading4219_bf1030-53, .wp-block-kadence-advancedheading.kt-adv-heading4219_bf1030-53[data-kb-block=\"kb-adv-heading4219_bf1030-53\"]{max-width:1080px;padding-right:var(--global-kb-spacing-lg, 3rem);padding-left:var(--global-kb-spacing-lg, 3rem);font-style:normal;}.wp-block-kadence-advancedheading.kt-adv-heading4219_bf1030-53 mark.kt-highlight, .wp-block-kadence-advancedheading.kt-adv-heading4219_bf1030-53[data-kb-block=\"kb-adv-heading4219_bf1030-53\"] mark.kt-highlight{font-style:normal;color:#f76a0c;-webkit-box-decoration-break:clone;box-decoration-break:clone;padding-top:0px;padding-right:0px;padding-bottom:0px;padding-left:0px;}.wp-block-kadence-advancedheading.kt-adv-heading4219_bf1030-53 img.kb-inline-image, .wp-block-kadence-advancedheading.kt-adv-heading4219_bf1030-53[data-kb-block=\"kb-adv-heading4219_bf1030-53\"] img.kb-inline-image{width:150px;vertical-align:baseline;}<\/style>\n<p class=\"kt-adv-heading4219_bf1030-53 wp-block-kadence-advancedheading\" data-kb-block=\"kb-adv-heading4219_bf1030-53\"><strong>Der Low Taper Curly Casual Everyday<\/strong> ist ein einfacher und alltagstauglicher Look, der morgens schnell zu stylen ist. Etwas Lockencreme h\u00e4lt die Frisur in Form. Der Look ist entspannt und gleichzeitig gepflegt.<br><strong>Geeignete Haartypen:<\/strong> Mittlere Locken.<br><strong>Styling-Tipp:<\/strong> Locken mit den Fingern durchk\u00e4mmen f\u00fcr nat\u00fcrliche Textur.<\/p>\n\n\n<style>.wp-block-kadence-advancedheading.kt-adv-heading4219_8240f1-07, .wp-block-kadence-advancedheading.kt-adv-heading4219_8240f1-07[data-kb-block=\"kb-adv-heading4219_8240f1-07\"]{text-align:center;font-style:normal;}.wp-block-kadence-advancedheading.kt-adv-heading4219_8240f1-07 mark.kt-highlight, .wp-block-kadence-advancedheading.kt-adv-heading4219_8240f1-07[data-kb-block=\"kb-adv-heading4219_8240f1-07\"] mark.kt-highlight{font-style:normal;color:#f76a0c;-webkit-box-decoration-break:clone;box-decoration-break:clone;padding-top:0px;padding-right:0px;padding-bottom:0px;padding-left:0px;}.wp-block-kadence-advancedheading.kt-adv-heading4219_8240f1-07 img.kb-inline-image, .wp-block-kadence-advancedheading.kt-adv-heading4219_8240f1-07[data-kb-block=\"kb-adv-heading4219_8240f1-07\"] img.kb-inline-image{width:150px;vertical-align:baseline;}<\/style>\n<h3 class=\"kt-adv-heading4219_8240f1-07 wp-block-kadence-advancedheading has-theme-palette-9-color has-text-color has-theme-palette-3-background-color has-background\" data-kb-block=\"kb-adv-heading4219_8240f1-07\">Low Taper Curly Wet Look <\/h3>\n\n\n<div class=\"wp-block-image\">\n<figure class=\"aligncenter size-full is-resized\"><img decoding=\"async\" width=\"500\" height=\"500\" src=\"https:\/\/lowtaperfades.com\/wp-content\/uploads\/2026\/02\/Untitled-design-2026-03-03T064601.577.webp\" alt=\"Low taper curly wet look hairstyle for men with shiny defined curls on top and clean tapered sides\" class=\"wp-image-1480\" style=\"object-fit:cover;width:400px;height:400px\" srcset=\"https:\/\/lowtaperfades.com\/wp-content\/uploads\/2026\/02\/Untitled-design-2026-03-03T064601.577.webp 500w, https:\/\/lowtaperfades.com\/wp-content\/uploads\/2026\/02\/Untitled-design-2026-03-03T064601.577-300x300.webp 300w, https:\/\/lowtaperfades.com\/wp-content\/uploads\/2026\/02\/Untitled-design-2026-03-03T064601.577-150x150.webp 150w\" sizes=\"(max-width: 500px) 100vw, 500px\" \/><figcaption class=\"wp-element-caption\">Low Taper Curly Wet Look<\/figcaption><\/figure>\n<\/div>\n\n<style>.wp-block-kadence-advancedheading.kt-adv-heading4219_8da8a1-e5, .wp-block-kadence-advancedheading.kt-adv-heading4219_8da8a1-e5[data-kb-block=\"kb-adv-heading4219_8da8a1-e5\"]{max-width:1080px;padding-right:var(--global-kb-spacing-lg, 3rem);padding-left:var(--global-kb-spacing-lg, 3rem);font-style:normal;}.wp-block-kadence-advancedheading.kt-adv-heading4219_8da8a1-e5 mark.kt-highlight, .wp-block-kadence-advancedheading.kt-adv-heading4219_8da8a1-e5[data-kb-block=\"kb-adv-heading4219_8da8a1-e5\"] mark.kt-highlight{font-style:normal;color:#f76a0c;-webkit-box-decoration-break:clone;box-decoration-break:clone;padding-top:0px;padding-right:0px;padding-bottom:0px;padding-left:0px;}.wp-block-kadence-advancedheading.kt-adv-heading4219_8da8a1-e5 img.kb-inline-image, .wp-block-kadence-advancedheading.kt-adv-heading4219_8da8a1-e5[data-kb-block=\"kb-adv-heading4219_8da8a1-e5\"] img.kb-inline-image{width:150px;vertical-align:baseline;}<\/style>\n<p class=\"kt-adv-heading4219_8da8a1-e5 wp-block-kadence-advancedheading\" data-kb-block=\"kb-adv-heading4219_8da8a1-e5\"><strong>Der Low Taper Curly Wet Look<\/strong> nutzt Gel f\u00fcr einen gl\u00e4nzenden Effekt auf den Locken oben. Die Seiten bleiben sauber und eng gefadet. Perfekt f\u00fcr Partys oder besondere Anl\u00e4sse.<br><br><strong>Geeignete Haartypen:<\/strong> Mittlere bis lockere Locken.<br><strong>Styling-Tipp:<\/strong> Gel auf leicht feuchtes Haar auftragen f\u00fcr ein gl\u00e4nzendes Finish.<\/p>\n\n\n<style>.wp-block-kadence-advancedheading.kt-adv-heading4219_a0017e-9c, .wp-block-kadence-advancedheading.kt-adv-heading4219_a0017e-9c[data-kb-block=\"kb-adv-heading4219_a0017e-9c\"]{max-width:1080px;margin-right:auto;margin-left:auto;padding-right:var(--global-kb-spacing-lg, 3rem);padding-left:var(--global-kb-spacing-lg, 3rem);text-align:center;font-style:normal;}.wp-block-kadence-advancedheading.kt-adv-heading4219_a0017e-9c mark.kt-highlight, .wp-block-kadence-advancedheading.kt-adv-heading4219_a0017e-9c[data-kb-block=\"kb-adv-heading4219_a0017e-9c\"] mark.kt-highlight{font-style:normal;color:#f76a0c;-webkit-box-decoration-break:clone;box-decoration-break:clone;padding-top:0px;padding-right:0px;padding-bottom:0px;padding-left:0px;}.wp-block-kadence-advancedheading.kt-adv-heading4219_a0017e-9c img.kb-inline-image, .wp-block-kadence-advancedheading.kt-adv-heading4219_a0017e-9c[data-kb-block=\"kb-adv-heading4219_a0017e-9c\"] img.kb-inline-image{width:150px;vertical-align:baseline;}<\/style>\n<h3 class=\"kt-adv-heading4219_a0017e-9c wp-block-kadence-advancedheading has-theme-palette-9-color has-text-color has-theme-palette-3-background-color has-background\" data-kb-block=\"kb-adv-heading4219_a0017e-9c\">Low Taper With Curly Hair Crop Textured  <\/h3>\n\n\n<div class=\"wp-block-image\">\n<figure class=\"aligncenter size-full is-resized\"><img decoding=\"async\" width=\"500\" height=\"500\" src=\"https:\/\/lowtaperfades.com\/wp-content\/uploads\/2026\/02\/Untitled-design-2026-03-02T154322.110.webp\" alt=\"Low taper with curly crop textured hairstyle for men featuring textured curly crop on top and clean tapered sides\" class=\"wp-image-1416\" style=\"object-fit:cover;width:400px;height:400px\" srcset=\"https:\/\/lowtaperfades.com\/wp-content\/uploads\/2026\/02\/Untitled-design-2026-03-02T154322.110.webp 500w, https:\/\/lowtaperfades.com\/wp-content\/uploads\/2026\/02\/Untitled-design-2026-03-02T154322.110-300x300.webp 300w, https:\/\/lowtaperfades.com\/wp-content\/uploads\/2026\/02\/Untitled-design-2026-03-02T154322.110-150x150.webp 150w\" sizes=\"(max-width: 500px) 100vw, 500px\" \/><figcaption class=\"wp-element-caption\">Low Taper With Curly Crop Textured<\/figcaption><\/figure>\n<\/div>\n\n<style>.wp-block-kadence-advancedheading.kt-adv-heading4219_ad71ef-ad, .wp-block-kadence-advancedheading.kt-adv-heading4219_ad71ef-ad[data-kb-block=\"kb-adv-heading4219_ad71ef-ad\"]{max-width:1080px;padding-right:var(--global-kb-spacing-lg, 3rem);padding-left:var(--global-kb-spacing-lg, 3rem);font-style:normal;}.wp-block-kadence-advancedheading.kt-adv-heading4219_ad71ef-ad mark.kt-highlight, .wp-block-kadence-advancedheading.kt-adv-heading4219_ad71ef-ad[data-kb-block=\"kb-adv-heading4219_ad71ef-ad\"] mark.kt-highlight{font-style:normal;color:#f76a0c;-webkit-box-decoration-break:clone;box-decoration-break:clone;padding-top:0px;padding-right:0px;padding-bottom:0px;padding-left:0px;}.wp-block-kadence-advancedheading.kt-adv-heading4219_ad71ef-ad img.kb-inline-image, .wp-block-kadence-advancedheading.kt-adv-heading4219_ad71ef-ad[data-kb-block=\"kb-adv-heading4219_ad71ef-ad\"] img.kb-inline-image{width:150px;vertical-align:baseline;}<\/style>\n<p class=\"kt-adv-heading4219_ad71ef-ad wp-block-kadence-advancedheading\" data-kb-block=\"kb-adv-heading4219_ad71ef-ad\">Kurze, strukturierte Locken wirken modern und gepflegt. Der Fade gleicht die Frisur perfekt aus. Der Look ist stilvoll und schlicht.<br><strong>Geeignete Haartypen:<\/strong> Kurze bis mittlere Locken.<br><strong>Styling-Tipp:<\/strong> Texturierende Creme verwenden f\u00fcr mehr Detail und Struktur.<\/p>\n\n\n<style>.wp-block-kadence-advancedheading.kt-adv-heading4219_f2880e-ec, .wp-block-kadence-advancedheading.kt-adv-heading4219_f2880e-ec[data-kb-block=\"kb-adv-heading4219_f2880e-ec\"]{text-align:center;font-style:normal;}.wp-block-kadence-advancedheading.kt-adv-heading4219_f2880e-ec mark.kt-highlight, .wp-block-kadence-advancedheading.kt-adv-heading4219_f2880e-ec[data-kb-block=\"kb-adv-heading4219_f2880e-ec\"] mark.kt-highlight{font-style:normal;color:#f76a0c;-webkit-box-decoration-break:clone;box-decoration-break:clone;padding-top:0px;padding-right:0px;padding-bottom:0px;padding-left:0px;}.wp-block-kadence-advancedheading.kt-adv-heading4219_f2880e-ec img.kb-inline-image, .wp-block-kadence-advancedheading.kt-adv-heading4219_f2880e-ec[data-kb-block=\"kb-adv-heading4219_f2880e-ec\"] img.kb-inline-image{width:150px;vertical-align:baseline;}<\/style>\n<h3 class=\"kt-adv-heading4219_f2880e-ec wp-block-kadence-advancedheading has-theme-palette-9-color has-text-color has-theme-palette-3-background-color has-background\" data-kb-block=\"kb-adv-heading4219_f2880e-ec\">Low Taper Fade Curly Hair Mohawk Style <\/h3>\n\n\n<div class=\"wp-block-image\">\n<figure class=\"aligncenter size-full is-resized\"><img decoding=\"async\" width=\"500\" height=\"500\" src=\"https:\/\/lowtaperfades.com\/wp-content\/uploads\/2026\/02\/Untitled-design-2026-03-03T065545.383.webp\" alt=\"Low taper curly mohawk style for men featuring curly mohawk on top and clean tapered sides\" class=\"wp-image-1482\" style=\"object-fit:cover;width:400px;height:400px\" srcset=\"https:\/\/lowtaperfades.com\/wp-content\/uploads\/2026\/02\/Untitled-design-2026-03-03T065545.383.webp 500w, https:\/\/lowtaperfades.com\/wp-content\/uploads\/2026\/02\/Untitled-design-2026-03-03T065545.383-300x300.webp 300w, https:\/\/lowtaperfades.com\/wp-content\/uploads\/2026\/02\/Untitled-design-2026-03-03T065545.383-150x150.webp 150w\" sizes=\"(max-width: 500px) 100vw, 500px\" \/><figcaption class=\"wp-element-caption\">Low Taper Curly Mohawk Style <\/figcaption><\/figure>\n<\/div>\n\n<style>.wp-block-kadence-advancedheading.kt-adv-heading4219_4cd6ff-d0, .wp-block-kadence-advancedheading.kt-adv-heading4219_4cd6ff-d0[data-kb-block=\"kb-adv-heading4219_4cd6ff-d0\"]{max-width:1080px;padding-right:var(--global-kb-spacing-lg, 3rem);padding-left:var(--global-kb-spacing-lg, 3rem);font-style:normal;}.wp-block-kadence-advancedheading.kt-adv-heading4219_4cd6ff-d0 mark.kt-highlight, .wp-block-kadence-advancedheading.kt-adv-heading4219_4cd6ff-d0[data-kb-block=\"kb-adv-heading4219_4cd6ff-d0\"] mark.kt-highlight{font-style:normal;color:#f76a0c;-webkit-box-decoration-break:clone;box-decoration-break:clone;padding-top:0px;padding-right:0px;padding-bottom:0px;padding-left:0px;}.wp-block-kadence-advancedheading.kt-adv-heading4219_4cd6ff-d0 img.kb-inline-image, .wp-block-kadence-advancedheading.kt-adv-heading4219_4cd6ff-d0[data-kb-block=\"kb-adv-heading4219_4cd6ff-d0\"] img.kb-inline-image{width:150px;vertical-align:baseline;}<\/style>\n<p class=\"kt-adv-heading4219_4cd6ff-d0 wp-block-kadence-advancedheading\" data-kb-block=\"kb-adv-heading4219_4cd6ff-d0\">Das Volumen bleibt im mittleren Bereich und sorgt f\u00fcr einen Mohawk-\u00e4hnlichen Look. Die Seiten sind niedrig gefadet und schaffen einen starken Kontrast. Dieser Stil ist mutig, aber sauber.<br><strong>Geeignete Haartypen:<\/strong> Mittlere bis enge Locken.<br><strong>Styling-Tipp:<\/strong> Stylingwachs verwenden, um die Locken in der Mitte anzuheben.<\/p>\n\n\n<style>.wp-block-kadence-advancedheading.kt-adv-heading4219_4d9de4-ac, .wp-block-kadence-advancedheading.kt-adv-heading4219_4d9de4-ac[data-kb-block=\"kb-adv-heading4219_4d9de4-ac\"]{text-align:center;font-style:normal;}.wp-block-kadence-advancedheading.kt-adv-heading4219_4d9de4-ac mark.kt-highlight, .wp-block-kadence-advancedheading.kt-adv-heading4219_4d9de4-ac[data-kb-block=\"kb-adv-heading4219_4d9de4-ac\"] mark.kt-highlight{font-style:normal;color:#f76a0c;-webkit-box-decoration-break:clone;box-decoration-break:clone;padding-top:0px;padding-right:0px;padding-bottom:0px;padding-left:0px;}.wp-block-kadence-advancedheading.kt-adv-heading4219_4d9de4-ac img.kb-inline-image, .wp-block-kadence-advancedheading.kt-adv-heading4219_4d9de4-ac[data-kb-block=\"kb-adv-heading4219_4d9de4-ac\"] img.kb-inline-image{width:150px;vertical-align:baseline;}<\/style>\n<h3 class=\"kt-adv-heading4219_4d9de4-ac wp-block-kadence-advancedheading has-theme-palette-9-color has-text-color has-theme-palette-3-background-color has-background\" data-kb-block=\"kb-adv-heading4219_4d9de4-ac\">Sponge Curls with Low Taper<\/h3>\n\n\n<div class=\"wp-block-image\">\n<figure class=\"aligncenter size-full is-resized\"><img decoding=\"async\" width=\"500\" height=\"500\" src=\"https:\/\/lowtaperfades.com\/wp-content\/uploads\/2026\/02\/Untitled-design-2026-03-02T155156.418.webp\" alt=\"Sponge curls with low taper for men featuring defined sponge curls on top and clean tapered sides\" class=\"wp-image-1418\" style=\"object-fit:cover;width:400px;height:400px\" srcset=\"https:\/\/lowtaperfades.com\/wp-content\/uploads\/2026\/02\/Untitled-design-2026-03-02T155156.418.webp 500w, https:\/\/lowtaperfades.com\/wp-content\/uploads\/2026\/02\/Untitled-design-2026-03-02T155156.418-300x300.webp 300w, https:\/\/lowtaperfades.com\/wp-content\/uploads\/2026\/02\/Untitled-design-2026-03-02T155156.418-150x150.webp 150w\" sizes=\"(max-width: 500px) 100vw, 500px\" \/><figcaption class=\"wp-element-caption\">Sponge Curls with Low Taper<\/figcaption><\/figure>\n<\/div>\n\n<style>.wp-block-kadence-advancedheading.kt-adv-heading4219_e222b1-64, .wp-block-kadence-advancedheading.kt-adv-heading4219_e222b1-64[data-kb-block=\"kb-adv-heading4219_e222b1-64\"]{max-width:1080px;padding-right:var(--global-kb-spacing-lg, 3rem);padding-left:var(--global-kb-spacing-lg, 3rem);font-style:normal;}.wp-block-kadence-advancedheading.kt-adv-heading4219_e222b1-64 mark.kt-highlight, .wp-block-kadence-advancedheading.kt-adv-heading4219_e222b1-64[data-kb-block=\"kb-adv-heading4219_e222b1-64\"] mark.kt-highlight{font-style:normal;color:#f76a0c;-webkit-box-decoration-break:clone;box-decoration-break:clone;padding-top:0px;padding-right:0px;padding-bottom:0px;padding-left:0px;}.wp-block-kadence-advancedheading.kt-adv-heading4219_e222b1-64 img.kb-inline-image, .wp-block-kadence-advancedheading.kt-adv-heading4219_e222b1-64[data-kb-block=\"kb-adv-heading4219_e222b1-64\"] img.kb-inline-image{width:150px;vertical-align:baseline;}<\/style>\n<p class=\"kt-adv-heading4219_e222b1-64 wp-block-kadence-advancedheading\" data-kb-block=\"kb-adv-heading4219_e222b1-64\">Sponge-Locken erzeugen kleine, definierte Drehungen. Der Low Taper h\u00e4lt die Kanten sauber und ordentlich. Der Look wirkt frisch und detailreich.<br><strong>Geeignete Haartypen:<\/strong> Krauses oder afro-texturiertes Haar.<br><strong>Styling-Tipp:<\/strong> Lockencreme vor der Anwendung eines Sponge Brushes verwenden.<\/p>\n\n\n<style>.wp-block-kadence-advancedheading.kt-adv-heading4219_54be96-7e, .wp-block-kadence-advancedheading.kt-adv-heading4219_54be96-7e[data-kb-block=\"kb-adv-heading4219_54be96-7e\"]{text-align:center;font-style:normal;}.wp-block-kadence-advancedheading.kt-adv-heading4219_54be96-7e mark.kt-highlight, .wp-block-kadence-advancedheading.kt-adv-heading4219_54be96-7e[data-kb-block=\"kb-adv-heading4219_54be96-7e\"] mark.kt-highlight{font-style:normal;color:#f76a0c;-webkit-box-decoration-break:clone;box-decoration-break:clone;padding-top:0px;padding-right:0px;padding-bottom:0px;padding-left:0px;}.wp-block-kadence-advancedheading.kt-adv-heading4219_54be96-7e img.kb-inline-image, .wp-block-kadence-advancedheading.kt-adv-heading4219_54be96-7e[data-kb-block=\"kb-adv-heading4219_54be96-7e\"] img.kb-inline-image{width:150px;vertical-align:baseline;}<\/style>\n<h3 class=\"kt-adv-heading4219_54be96-7e wp-block-kadence-advancedheading has-theme-palette-9-color has-text-color has-theme-palette-3-background-color has-background\" data-kb-block=\"kb-adv-heading4219_54be96-7e\">Low Fade Curly Hair Burst <\/h3>\n\n\n<div class=\"wp-block-image\">\n<figure class=\"aligncenter size-full is-resized\"><img decoding=\"async\" width=\"500\" height=\"500\" src=\"https:\/\/lowtaperfades.com\/wp-content\/uploads\/2026\/02\/Untitled-design-2026-03-03T193406.917.webp\" alt=\"Burst fade curly hair for men featuring natural curls on top and a rounded burst fade around the ears\" class=\"wp-image-1554\" style=\"object-fit:cover;width:400px;height:400px\" srcset=\"https:\/\/lowtaperfades.com\/wp-content\/uploads\/2026\/02\/Untitled-design-2026-03-03T193406.917.webp 500w, https:\/\/lowtaperfades.com\/wp-content\/uploads\/2026\/02\/Untitled-design-2026-03-03T193406.917-300x300.webp 300w, https:\/\/lowtaperfades.com\/wp-content\/uploads\/2026\/02\/Untitled-design-2026-03-03T193406.917-150x150.webp 150w\" sizes=\"(max-width: 500px) 100vw, 500px\" \/><figcaption class=\"wp-element-caption\">Burst Fade Curly Hair<\/figcaption><\/figure>\n<\/div>\n\n<style>.wp-block-kadence-advancedheading.kt-adv-heading4219_a85404-56, .wp-block-kadence-advancedheading.kt-adv-heading4219_a85404-56[data-kb-block=\"kb-adv-heading4219_a85404-56\"]{max-width:1080px;padding-right:var(--global-kb-spacing-lg, 3rem);padding-left:var(--global-kb-spacing-lg, 3rem);font-style:normal;}.wp-block-kadence-advancedheading.kt-adv-heading4219_a85404-56 mark.kt-highlight, .wp-block-kadence-advancedheading.kt-adv-heading4219_a85404-56[data-kb-block=\"kb-adv-heading4219_a85404-56\"] mark.kt-highlight{font-style:normal;color:#f76a0c;-webkit-box-decoration-break:clone;box-decoration-break:clone;padding-top:0px;padding-right:0px;padding-bottom:0px;padding-left:0px;}.wp-block-kadence-advancedheading.kt-adv-heading4219_a85404-56 img.kb-inline-image, .wp-block-kadence-advancedheading.kt-adv-heading4219_a85404-56[data-kb-block=\"kb-adv-heading4219_a85404-56\"] img.kb-inline-image{width:150px;vertical-align:baseline;}<\/style>\n<p class=\"kt-adv-heading4219_a85404-56 wp-block-kadence-advancedheading\" data-kb-block=\"kb-adv-heading4219_a85404-56\">Der Burst Fade h\u00e4lt die Locken rund um die Ohren kurz, w\u00e4hrend oben Volumen bleibt. Der Fade verl\u00e4uft nat\u00fcrlich um das Ohr und sorgt f\u00fcr einen scharfen, sauberen Look. Diese Frisur ist mutig, modern und ideal f\u00fcr M\u00e4nner, die zeitgem\u00e4\u00dfe Lockenstyles m\u00f6gen.<br><strong>Geeignete Haartypen:<\/strong> Enge oder lockere Locken, mittleres bis dickes Haar.<br><strong>Styling-Tipp:<\/strong> Lockencreme zur Definition und leichtes Gel f\u00fcr die Fade-Kanten verwenden.<\/p>\n\n\n<style>.wp-block-kadence-advancedheading.kt-adv-heading4219_678c6c-80, .wp-block-kadence-advancedheading.kt-adv-heading4219_678c6c-80[data-kb-block=\"kb-adv-heading4219_678c6c-80\"]{text-align:center;font-style:normal;}.wp-block-kadence-advancedheading.kt-adv-heading4219_678c6c-80 mark.kt-highlight, .wp-block-kadence-advancedheading.kt-adv-heading4219_678c6c-80[data-kb-block=\"kb-adv-heading4219_678c6c-80\"] mark.kt-highlight{font-style:normal;color:#f76a0c;-webkit-box-decoration-break:clone;box-decoration-break:clone;padding-top:0px;padding-right:0px;padding-bottom:0px;padding-left:0px;}.wp-block-kadence-advancedheading.kt-adv-heading4219_678c6c-80 img.kb-inline-image, .wp-block-kadence-advancedheading.kt-adv-heading4219_678c6c-80[data-kb-block=\"kb-adv-heading4219_678c6c-80\"] img.kb-inline-image{width:150px;vertical-align:baseline;}<\/style>\n<h3 class=\"kt-adv-heading4219_678c6c-80 wp-block-kadence-advancedheading has-theme-palette-9-color has-text-color has-theme-palette-3-background-color has-background\" data-kb-block=\"kb-adv-heading4219_678c6c-80\">Low Taper Fade Curly Hair Wolf Cut<\/h3>\n\n\n<div class=\"wp-block-image\">\n<figure class=\"aligncenter size-full is-resized\"><img decoding=\"async\" width=\"500\" height=\"500\" src=\"https:\/\/lowtaperfades.com\/wp-content\/uploads\/2026\/02\/Untitled-design-2026-03-03T065930.006.webp\" alt=\"Low taper fade curly wolf cut for men featuring layered curly hair on top and clean tapered sides\" class=\"wp-image-1483\" style=\"object-fit:cover;width:400px;height:400px\" srcset=\"https:\/\/lowtaperfades.com\/wp-content\/uploads\/2026\/02\/Untitled-design-2026-03-03T065930.006.webp 500w, https:\/\/lowtaperfades.com\/wp-content\/uploads\/2026\/02\/Untitled-design-2026-03-03T065930.006-300x300.webp 300w, https:\/\/lowtaperfades.com\/wp-content\/uploads\/2026\/02\/Untitled-design-2026-03-03T065930.006-150x150.webp 150w\" sizes=\"(max-width: 500px) 100vw, 500px\" \/><figcaption class=\"wp-element-caption\">Low Taper Fade Curly Wolf Cut<\/figcaption><\/figure>\n<\/div>\n\n<style>.wp-block-kadence-advancedheading.kt-adv-heading4219_550b9f-d1, .wp-block-kadence-advancedheading.kt-adv-heading4219_550b9f-d1[data-kb-block=\"kb-adv-heading4219_550b9f-d1\"]{max-width:1080px;padding-right:var(--global-kb-spacing-lg, 3rem);padding-left:var(--global-kb-spacing-lg, 3rem);font-style:normal;}.wp-block-kadence-advancedheading.kt-adv-heading4219_550b9f-d1 mark.kt-highlight, .wp-block-kadence-advancedheading.kt-adv-heading4219_550b9f-d1[data-kb-block=\"kb-adv-heading4219_550b9f-d1\"] mark.kt-highlight{font-style:normal;color:#f76a0c;-webkit-box-decoration-break:clone;box-decoration-break:clone;padding-top:0px;padding-right:0px;padding-bottom:0px;padding-left:0px;}.wp-block-kadence-advancedheading.kt-adv-heading4219_550b9f-d1 img.kb-inline-image, .wp-block-kadence-advancedheading.kt-adv-heading4219_550b9f-d1[data-kb-block=\"kb-adv-heading4219_550b9f-d1\"] img.kb-inline-image{width:150px;vertical-align:baseline;}<\/style>\n<p class=\"kt-adv-heading4219_550b9f-d1 wp-block-kadence-advancedheading\" data-kb-block=\"kb-adv-heading4219_550b9f-d1\"><strong>Der Wolf Cut<\/strong> verleiht dem Haar mehrere Schichten f\u00fcr mehr Volumen und Bewegung oben. Der Low Taper an den Seiten sorgt f\u00fcr Kontrast und h\u00e4lt die Locken sauber und definiert. Dieser Stil ist edgy, modern und perfekt f\u00fcr experimentierfreudige M\u00e4nner.<br><strong>Geeignete Haartypen:<\/strong> Dicke, volumin\u00f6se Locken oder welliges Haar.<br><strong>Styling-Tipp:<\/strong> Texturierende Creme verwenden, um die Schichten zu betonen und die Form zu halten.<\/p>\n\n\n<style>.wp-block-kadence-advancedheading.kt-adv-heading4219_b44a1c-13, .wp-block-kadence-advancedheading.kt-adv-heading4219_b44a1c-13[data-kb-block=\"kb-adv-heading4219_b44a1c-13\"]{text-align:center;font-style:normal;}.wp-block-kadence-advancedheading.kt-adv-heading4219_b44a1c-13 mark.kt-highlight, .wp-block-kadence-advancedheading.kt-adv-heading4219_b44a1c-13[data-kb-block=\"kb-adv-heading4219_b44a1c-13\"] mark.kt-highlight{font-style:normal;color:#f76a0c;-webkit-box-decoration-break:clone;box-decoration-break:clone;padding-top:0px;padding-right:0px;padding-bottom:0px;padding-left:0px;}.wp-block-kadence-advancedheading.kt-adv-heading4219_b44a1c-13 img.kb-inline-image, .wp-block-kadence-advancedheading.kt-adv-heading4219_b44a1c-13[data-kb-block=\"kb-adv-heading4219_b44a1c-13\"] img.kb-inline-image{width:150px;vertical-align:baseline;}<\/style>\n<h3 class=\"kt-adv-heading4219_b44a1c-13 wp-block-kadence-advancedheading has-theme-palette-9-color has-text-color has-theme-palette-3-background-color has-background\" data-kb-block=\"kb-adv-heading4219_b44a1c-13\">Low Taper Fade Curly Hair Edgar<\/h3>\n\n\n<div class=\"wp-block-image\">\n<figure class=\"aligncenter size-full is-resized\"><img decoding=\"async\" width=\"500\" height=\"500\" src=\"https:\/\/lowtaperfades.com\/wp-content\/uploads\/2026\/02\/Untitled-design-2026-03-02T164813.203.webp\" alt=\"Low taper fade curly Edgar haircut for men featuring curly fringe on top and clean tapered sides\" class=\"wp-image-1423\" style=\"object-fit:cover;width:400px;height:400px\" srcset=\"https:\/\/lowtaperfades.com\/wp-content\/uploads\/2026\/02\/Untitled-design-2026-03-02T164813.203.webp 500w, https:\/\/lowtaperfades.com\/wp-content\/uploads\/2026\/02\/Untitled-design-2026-03-02T164813.203-300x300.webp 300w, https:\/\/lowtaperfades.com\/wp-content\/uploads\/2026\/02\/Untitled-design-2026-03-02T164813.203-150x150.webp 150w\" sizes=\"(max-width: 500px) 100vw, 500px\" \/><figcaption class=\"wp-element-caption\">Low Taper Fade Curly Edgar<\/figcaption><\/figure>\n<\/div>\n\n<style>.wp-block-kadence-advancedheading.kt-adv-heading4219_0d15ab-6b, .wp-block-kadence-advancedheading.kt-adv-heading4219_0d15ab-6b[data-kb-block=\"kb-adv-heading4219_0d15ab-6b\"]{max-width:1080px;padding-right:var(--global-kb-spacing-lg, 3rem);padding-left:var(--global-kb-spacing-lg, 3rem);font-style:normal;}.wp-block-kadence-advancedheading.kt-adv-heading4219_0d15ab-6b mark.kt-highlight, .wp-block-kadence-advancedheading.kt-adv-heading4219_0d15ab-6b[data-kb-block=\"kb-adv-heading4219_0d15ab-6b\"] mark.kt-highlight{font-style:normal;color:#f76a0c;-webkit-box-decoration-break:clone;box-decoration-break:clone;padding-top:0px;padding-right:0px;padding-bottom:0px;padding-left:0px;}.wp-block-kadence-advancedheading.kt-adv-heading4219_0d15ab-6b img.kb-inline-image, .wp-block-kadence-advancedheading.kt-adv-heading4219_0d15ab-6b[data-kb-block=\"kb-adv-heading4219_0d15ab-6b\"] img.kb-inline-image{width:150px;vertical-align:baseline;}<\/style>\n<p class=\"kt-adv-heading4219_0d15ab-6b wp-block-kadence-advancedheading\" data-kb-block=\"kb-adv-heading4219_0d15ab-6b\"><strong>Der Edgar Cut<\/strong> hat kurze Locken im vorderen Bereich, w\u00e4hrend der Low Taper die Seiten sauber h\u00e4lt. Dadurch entsteht ein strukturierter und moderner Look f\u00fcr den Alltag. Diese Frisur ist ideal f\u00fcr M\u00e4nner, die einen scharfen und trendigen Stil wollen.<br><strong>Geeignete Haartypen:<\/strong> Enge Locken oder krauses Haar, kurze bis mittlere L\u00e4nge.<br><strong>Styling-Tipp:<\/strong> Leichtes Gel oder Pomade verwenden, um die vorderen Locken zu definieren.<\/p>\n\n\n<style>.wp-block-kadence-advancedheading.kt-adv-heading4219_64e0e0-28, .wp-block-kadence-advancedheading.kt-adv-heading4219_64e0e0-28[data-kb-block=\"kb-adv-heading4219_64e0e0-28\"]{text-align:center;font-style:normal;}.wp-block-kadence-advancedheading.kt-adv-heading4219_64e0e0-28 mark.kt-highlight, .wp-block-kadence-advancedheading.kt-adv-heading4219_64e0e0-28[data-kb-block=\"kb-adv-heading4219_64e0e0-28\"] mark.kt-highlight{font-style:normal;color:#f76a0c;-webkit-box-decoration-break:clone;box-decoration-break:clone;padding-top:0px;padding-right:0px;padding-bottom:0px;padding-left:0px;}.wp-block-kadence-advancedheading.kt-adv-heading4219_64e0e0-28 img.kb-inline-image, .wp-block-kadence-advancedheading.kt-adv-heading4219_64e0e0-28[data-kb-block=\"kb-adv-heading4219_64e0e0-28\"] img.kb-inline-image{width:150px;vertical-align:baseline;}<\/style>\n<h3 class=\"kt-adv-heading4219_64e0e0-28 wp-block-kadence-advancedheading has-theme-palette-9-color has-text-color has-theme-palette-3-background-color has-background\" data-kb-block=\"kb-adv-heading4219_64e0e0-28\">Low Taper Fade Curly Shag<\/h3>\n\n\n<div class=\"wp-block-image\">\n<figure class=\"aligncenter size-full is-resized\"><img decoding=\"async\" width=\"500\" height=\"500\" src=\"https:\/\/lowtaperfades.com\/wp-content\/uploads\/2026\/02\/Untitled-design-2026-03-03T070332.468.webp\" alt=\"Low taper fade curly shag for men featuring layered curly hair on top and clean tapered sides\" class=\"wp-image-1485\" style=\"object-fit:cover;width:400px;height:400px\" srcset=\"https:\/\/lowtaperfades.com\/wp-content\/uploads\/2026\/02\/Untitled-design-2026-03-03T070332.468.webp 500w, https:\/\/lowtaperfades.com\/wp-content\/uploads\/2026\/02\/Untitled-design-2026-03-03T070332.468-300x300.webp 300w, https:\/\/lowtaperfades.com\/wp-content\/uploads\/2026\/02\/Untitled-design-2026-03-03T070332.468-150x150.webp 150w\" sizes=\"(max-width: 500px) 100vw, 500px\" \/><figcaption class=\"wp-element-caption\">Low Taper Fade Curly Shag<\/figcaption><\/figure>\n<\/div>\n\n<style>.wp-block-kadence-advancedheading.kt-adv-heading4219_819cd6-67, .wp-block-kadence-advancedheading.kt-adv-heading4219_819cd6-67[data-kb-block=\"kb-adv-heading4219_819cd6-67\"]{max-width:1080px;padding-right:var(--global-kb-spacing-lg, 3rem);padding-left:var(--global-kb-spacing-lg, 3rem);font-style:normal;}.wp-block-kadence-advancedheading.kt-adv-heading4219_819cd6-67 mark.kt-highlight, .wp-block-kadence-advancedheading.kt-adv-heading4219_819cd6-67[data-kb-block=\"kb-adv-heading4219_819cd6-67\"] mark.kt-highlight{font-style:normal;color:#f76a0c;-webkit-box-decoration-break:clone;box-decoration-break:clone;padding-top:0px;padding-right:0px;padding-bottom:0px;padding-left:0px;}.wp-block-kadence-advancedheading.kt-adv-heading4219_819cd6-67 img.kb-inline-image, .wp-block-kadence-advancedheading.kt-adv-heading4219_819cd6-67[data-kb-block=\"kb-adv-heading4219_819cd6-67\"] img.kb-inline-image{width:150px;vertical-align:baseline;}<\/style>\n<p class=\"kt-adv-heading4219_819cd6-67 wp-block-kadence-advancedheading\" data-kb-block=\"kb-adv-heading4219_819cd6-67\"><strong>Der Shag Style<\/strong> kombiniert geschichtete Locken oben mit gefadeten Seiten. Der Low Taper sorgt f\u00fcr einen sauberen und ausgewogenen Look. Die Frisur wirkt l\u00e4ssig, texturiert und ist einfach im Alltag zu stylen.<br><strong>Geeignete Haartypen:<\/strong> Lockere oder wellige Locken, mittleres bis dickes Haar.<br><strong>Styling-Tipp:<\/strong> Lockencreme verwenden und das Haar scrunchen f\u00fcr nat\u00fcrliche Bewegung.<\/p>\n\n\n<style>.wp-block-kadence-advancedheading.kt-adv-heading4219_816189-e8, .wp-block-kadence-advancedheading.kt-adv-heading4219_816189-e8[data-kb-block=\"kb-adv-heading4219_816189-e8\"]{text-align:center;font-style:normal;}.wp-block-kadence-advancedheading.kt-adv-heading4219_816189-e8 mark.kt-highlight, .wp-block-kadence-advancedheading.kt-adv-heading4219_816189-e8[data-kb-block=\"kb-adv-heading4219_816189-e8\"] mark.kt-highlight{font-style:normal;color:#f76a0c;-webkit-box-decoration-break:clone;box-decoration-break:clone;padding-top:0px;padding-right:0px;padding-bottom:0px;padding-left:0px;}.wp-block-kadence-advancedheading.kt-adv-heading4219_816189-e8 img.kb-inline-image, .wp-block-kadence-advancedheading.kt-adv-heading4219_816189-e8[data-kb-block=\"kb-adv-heading4219_816189-e8\"] img.kb-inline-image{width:150px;vertical-align:baseline;}<\/style>\n<h3 class=\"kt-adv-heading4219_816189-e8 wp-block-kadence-advancedheading has-theme-palette-9-color has-text-color has-theme-palette-3-background-color has-background\" data-kb-block=\"kb-adv-heading4219_816189-e8\">Low Taper Fade Curly Hair Undercut<\/h3>\n\n\n<div class=\"wp-block-image\">\n<figure class=\"aligncenter size-full is-resized\"><img decoding=\"async\" width=\"500\" height=\"500\" src=\"https:\/\/lowtaperfades.com\/wp-content\/uploads\/2026\/02\/Untitled-design-2026-03-02T165418.211.webp\" alt=\"Low taper fade curly undercut for men featuring curly hair on top and clean tapered undercut sides\" class=\"wp-image-1429\" style=\"object-fit:cover;width:400px;height:400px\" srcset=\"https:\/\/lowtaperfades.com\/wp-content\/uploads\/2026\/02\/Untitled-design-2026-03-02T165418.211.webp 500w, https:\/\/lowtaperfades.com\/wp-content\/uploads\/2026\/02\/Untitled-design-2026-03-02T165418.211-300x300.webp 300w, https:\/\/lowtaperfades.com\/wp-content\/uploads\/2026\/02\/Untitled-design-2026-03-02T165418.211-150x150.webp 150w\" sizes=\"(max-width: 500px) 100vw, 500px\" \/><figcaption class=\"wp-element-caption\">Low Taper Fade Curly Undercut<\/figcaption><\/figure>\n<\/div>\n\n<style>.wp-block-kadence-advancedheading.kt-adv-heading4219_bbac36-eb, .wp-block-kadence-advancedheading.kt-adv-heading4219_bbac36-eb[data-kb-block=\"kb-adv-heading4219_bbac36-eb\"]{max-width:1080px;padding-right:var(--global-kb-spacing-lg, 3rem);padding-left:var(--global-kb-spacing-lg, 3rem);font-style:normal;}.wp-block-kadence-advancedheading.kt-adv-heading4219_bbac36-eb mark.kt-highlight, .wp-block-kadence-advancedheading.kt-adv-heading4219_bbac36-eb[data-kb-block=\"kb-adv-heading4219_bbac36-eb\"] mark.kt-highlight{font-style:normal;color:#f76a0c;-webkit-box-decoration-break:clone;box-decoration-break:clone;padding-top:0px;padding-right:0px;padding-bottom:0px;padding-left:0px;}.wp-block-kadence-advancedheading.kt-adv-heading4219_bbac36-eb img.kb-inline-image, .wp-block-kadence-advancedheading.kt-adv-heading4219_bbac36-eb[data-kb-block=\"kb-adv-heading4219_bbac36-eb\"] img.kb-inline-image{width:150px;vertical-align:baseline;}<\/style>\n<p class=\"kt-adv-heading4219_bbac36-eb wp-block-kadence-advancedheading\" data-kb-block=\"kb-adv-heading4219_bbac36-eb\"><strong>Der Undercut<\/strong> entfernt Volumen an den Seiten, w\u00e4hrend die Locken oben voll bleiben. Der Low Taper sorgt f\u00fcr einen weichen \u00dcbergang und ein stilvolles Finish. Dieser Schnitt wirkt mutig, modern und verleiht dem lockigen Haar mehr Pers\u00f6nlichkeit.<br><strong>Geeignete Haartypen:<\/strong> Dicke Locken, afro-texturiertes Haar oder lockere Locken.<br><strong>Styling-Tipp:<\/strong> Leave-in-Conditioner verwenden f\u00fcr Feuchtigkeit und Volumenkontrolle.<\/p>\n\n\n<style>.wp-block-kadence-advancedheading.kt-adv-heading4219_d2c2d5-c7, .wp-block-kadence-advancedheading.kt-adv-heading4219_d2c2d5-c7[data-kb-block=\"kb-adv-heading4219_d2c2d5-c7\"]{text-align:center;font-style:normal;}.wp-block-kadence-advancedheading.kt-adv-heading4219_d2c2d5-c7 mark.kt-highlight, .wp-block-kadence-advancedheading.kt-adv-heading4219_d2c2d5-c7[data-kb-block=\"kb-adv-heading4219_d2c2d5-c7\"] mark.kt-highlight{font-style:normal;color:#f76a0c;-webkit-box-decoration-break:clone;box-decoration-break:clone;padding-top:0px;padding-right:0px;padding-bottom:0px;padding-left:0px;}.wp-block-kadence-advancedheading.kt-adv-heading4219_d2c2d5-c7 img.kb-inline-image, .wp-block-kadence-advancedheading.kt-adv-heading4219_d2c2d5-c7[data-kb-block=\"kb-adv-heading4219_d2c2d5-c7\"] img.kb-inline-image{width:150px;vertical-align:baseline;}<\/style>\n<h3 class=\"kt-adv-heading4219_d2c2d5-c7 wp-block-kadence-advancedheading has-theme-palette-9-color has-text-color has-theme-palette-3-background-color has-background\" data-kb-block=\"kb-adv-heading4219_d2c2d5-c7\">Low Taper Fade Layered Curly Hair<\/h3>\n\n\n<div class=\"wp-block-image\">\n<figure class=\"aligncenter size-full is-resized\"><img decoding=\"async\" width=\"500\" height=\"500\" src=\"https:\/\/lowtaperfades.com\/wp-content\/uploads\/2026\/02\/Untitled-design-2026-03-02T165742.340.webp\" alt=\"Low taper fade layered curly hair for men featuring layered curls on top and clean tapered sides\" class=\"wp-image-1430\" style=\"object-fit:cover;width:400px;height:400px\" srcset=\"https:\/\/lowtaperfades.com\/wp-content\/uploads\/2026\/02\/Untitled-design-2026-03-02T165742.340.webp 500w, https:\/\/lowtaperfades.com\/wp-content\/uploads\/2026\/02\/Untitled-design-2026-03-02T165742.340-300x300.webp 300w, https:\/\/lowtaperfades.com\/wp-content\/uploads\/2026\/02\/Untitled-design-2026-03-02T165742.340-150x150.webp 150w\" sizes=\"(max-width: 500px) 100vw, 500px\" \/><figcaption class=\"wp-element-caption\">Low Taper Fade Layered Curly Hair<\/figcaption><\/figure>\n<\/div>\n\n<style>.wp-block-kadence-advancedheading.kt-adv-heading4219_6592b7-70, .wp-block-kadence-advancedheading.kt-adv-heading4219_6592b7-70[data-kb-block=\"kb-adv-heading4219_6592b7-70\"]{max-width:1080px;padding-right:var(--global-kb-spacing-lg, 3rem);padding-left:var(--global-kb-spacing-lg, 3rem);font-style:normal;}.wp-block-kadence-advancedheading.kt-adv-heading4219_6592b7-70 mark.kt-highlight, .wp-block-kadence-advancedheading.kt-adv-heading4219_6592b7-70[data-kb-block=\"kb-adv-heading4219_6592b7-70\"] mark.kt-highlight{font-style:normal;color:#f76a0c;-webkit-box-decoration-break:clone;box-decoration-break:clone;padding-top:0px;padding-right:0px;padding-bottom:0px;padding-left:0px;}.wp-block-kadence-advancedheading.kt-adv-heading4219_6592b7-70 img.kb-inline-image, .wp-block-kadence-advancedheading.kt-adv-heading4219_6592b7-70[data-kb-block=\"kb-adv-heading4219_6592b7-70\"] img.kb-inline-image{width:150px;vertical-align:baseline;}<\/style>\n<p class=\"kt-adv-heading4219_6592b7-70 wp-block-kadence-advancedheading\" data-kb-block=\"kb-adv-heading4219_6592b7-70\"><strong>Lange Locken werden hier ordentlich nach hinten gebunden<\/strong>, w\u00e4hrend der Low Taper die Seiten sauber auslaufen l\u00e4sst. Dadurch bleibt die Frisur gepflegt und strukturiert. Perfekt f\u00fcr M\u00e4nner, die einen praktischen und stilvollen Look mit l\u00e4ngeren Locken m\u00f6chten.<br><strong>Geeignete Haartypen:<\/strong> Mittlere bis lange Locken, welliges oder krauses Haar.<br><strong>Styling-Tipp:<\/strong> Leichte Stylingcreme verwenden, um Frizz zu reduzieren und die Haare glatt zu binden.<\/p>\n\n\n<style>.wp-block-kadence-advancedheading.kt-adv-heading4219_e59978-92, .wp-block-kadence-advancedheading.kt-adv-heading4219_e59978-92[data-kb-block=\"kb-adv-heading4219_e59978-92\"]{text-align:center;font-style:normal;}.wp-block-kadence-advancedheading.kt-adv-heading4219_e59978-92 mark.kt-highlight, .wp-block-kadence-advancedheading.kt-adv-heading4219_e59978-92[data-kb-block=\"kb-adv-heading4219_e59978-92\"] mark.kt-highlight{font-style:normal;color:#f76a0c;-webkit-box-decoration-break:clone;box-decoration-break:clone;padding-top:0px;padding-right:0px;padding-bottom:0px;padding-left:0px;}.wp-block-kadence-advancedheading.kt-adv-heading4219_e59978-92 img.kb-inline-image, .wp-block-kadence-advancedheading.kt-adv-heading4219_e59978-92[data-kb-block=\"kb-adv-heading4219_e59978-92\"] img.kb-inline-image{width:150px;vertical-align:baseline;}<\/style>\n<h3 class=\"kt-adv-heading4219_e59978-92 wp-block-kadence-advancedheading has-theme-palette-9-color has-text-color has-theme-palette-3-background-color has-background\" data-kb-block=\"kb-adv-heading4219_e59978-92\">Low Taper Fade Layered Curly Hair<\/h3>\n\n\n<div class=\"wp-block-image\">\n<figure class=\"aligncenter size-full is-resized\"><img decoding=\"async\" width=\"500\" height=\"500\" src=\"https:\/\/lowtaperfades.com\/wp-content\/uploads\/2026\/02\/Untitled-design-2026-03-02T170055.171.webp\" alt=\"Low taper fade layered curly hair for men with soft layered curls on top and clean tapered sides\" class=\"wp-image-1431\" style=\"object-fit:cover;width:400px;height:400px\" srcset=\"https:\/\/lowtaperfades.com\/wp-content\/uploads\/2026\/02\/Untitled-design-2026-03-02T170055.171.webp 500w, https:\/\/lowtaperfades.com\/wp-content\/uploads\/2026\/02\/Untitled-design-2026-03-02T170055.171-300x300.webp 300w, https:\/\/lowtaperfades.com\/wp-content\/uploads\/2026\/02\/Untitled-design-2026-03-02T170055.171-150x150.webp 150w\" sizes=\"(max-width: 500px) 100vw, 500px\" \/><figcaption class=\"wp-element-caption\">Low Taper Fade Layered Curly Hair<\/figcaption><\/figure>\n<\/div>\n\n<style>.wp-block-kadence-advancedheading.kt-adv-heading4219_14b2c1-3f, .wp-block-kadence-advancedheading.kt-adv-heading4219_14b2c1-3f[data-kb-block=\"kb-adv-heading4219_14b2c1-3f\"]{max-width:1080px;padding-right:var(--global-kb-spacing-lg, 3rem);padding-left:var(--global-kb-spacing-lg, 3rem);font-style:normal;}.wp-block-kadence-advancedheading.kt-adv-heading4219_14b2c1-3f mark.kt-highlight, .wp-block-kadence-advancedheading.kt-adv-heading4219_14b2c1-3f[data-kb-block=\"kb-adv-heading4219_14b2c1-3f\"] mark.kt-highlight{font-style:normal;color:#f76a0c;-webkit-box-decoration-break:clone;box-decoration-break:clone;padding-top:0px;padding-right:0px;padding-bottom:0px;padding-left:0px;}.wp-block-kadence-advancedheading.kt-adv-heading4219_14b2c1-3f img.kb-inline-image, .wp-block-kadence-advancedheading.kt-adv-heading4219_14b2c1-3f[data-kb-block=\"kb-adv-heading4219_14b2c1-3f\"] img.kb-inline-image{width:150px;vertical-align:baseline;}<\/style>\n<p class=\"kt-adv-heading4219_14b2c1-3f wp-block-kadence-advancedheading\" data-kb-block=\"kb-adv-heading4219_14b2c1-3f\"><strong>Gestufte Locken<\/strong> sorgen f\u00fcr Volumen, Form und Bewegung im oberen Bereich. Der Low Taper an den Seiten sorgt f\u00fcr einen sauberen und ausgewogenen Stil. Diese Frisur ist modern, trendy und ideal f\u00fcr mittlere bis lange Locken.<br><strong>Geeignete Haartypen:<\/strong> Lockere, dicke oder wellige Locken.<br><strong>Styling-Tipp:<\/strong> Lockendefinierende Lotion verwenden und mit Diffusor trocknen f\u00fcr nat\u00fcrlichen Schwung.<\/p>\n\n\n<style>.wp-block-kadence-advancedheading.kt-adv-heading4219_409c9c-be, .wp-block-kadence-advancedheading.kt-adv-heading4219_409c9c-be[data-kb-block=\"kb-adv-heading4219_409c9c-be\"]{text-align:center;font-style:normal;}.wp-block-kadence-advancedheading.kt-adv-heading4219_409c9c-be mark.kt-highlight, .wp-block-kadence-advancedheading.kt-adv-heading4219_409c9c-be[data-kb-block=\"kb-adv-heading4219_409c9c-be\"] mark.kt-highlight{font-style:normal;color:#f76a0c;-webkit-box-decoration-break:clone;box-decoration-break:clone;padding-top:0px;padding-right:0px;padding-bottom:0px;padding-left:0px;}.wp-block-kadence-advancedheading.kt-adv-heading4219_409c9c-be img.kb-inline-image, .wp-block-kadence-advancedheading.kt-adv-heading4219_409c9c-be[data-kb-block=\"kb-adv-heading4219_409c9c-be\"] img.kb-inline-image{width:150px;vertical-align:baseline;}<\/style>\n<h3 class=\"kt-adv-heading4219_409c9c-be wp-block-kadence-advancedheading has-theme-palette-9-color has-text-color has-theme-palette-3-background-color has-background\" data-kb-block=\"kb-adv-heading4219_409c9c-be\">Low Taper Fade Curly  Hair Curtain Bangs<\/h3>\n\n\n<div class=\"wp-block-image\">\n<figure class=\"aligncenter size-full is-resized\"><img decoding=\"async\" width=\"500\" height=\"500\" src=\"https:\/\/lowtaperfades.com\/wp-content\/uploads\/2026\/02\/Untitled-design-2026-03-02T170345.631.webp\" alt=\"Low taper fade curly hair with curtain bangs for men featuring curly curtain fringe and clean tapered sides\" class=\"wp-image-1432\" style=\"object-fit:cover;width:400px;height:400px\" srcset=\"https:\/\/lowtaperfades.com\/wp-content\/uploads\/2026\/02\/Untitled-design-2026-03-02T170345.631.webp 500w, https:\/\/lowtaperfades.com\/wp-content\/uploads\/2026\/02\/Untitled-design-2026-03-02T170345.631-300x300.webp 300w, https:\/\/lowtaperfades.com\/wp-content\/uploads\/2026\/02\/Untitled-design-2026-03-02T170345.631-150x150.webp 150w\" sizes=\"(max-width: 500px) 100vw, 500px\" \/><figcaption class=\"wp-element-caption\">Low Taper Fade Curly Hair Curtain Bangs<\/figcaption><\/figure>\n<\/div>\n\n<style>.wp-block-kadence-advancedheading.kt-adv-heading4219_e19334-83, .wp-block-kadence-advancedheading.kt-adv-heading4219_e19334-83[data-kb-block=\"kb-adv-heading4219_e19334-83\"]{max-width:1080px;padding-right:var(--global-kb-spacing-lg, 3rem);padding-left:var(--global-kb-spacing-lg, 3rem);font-style:normal;}.wp-block-kadence-advancedheading.kt-adv-heading4219_e19334-83 mark.kt-highlight, .wp-block-kadence-advancedheading.kt-adv-heading4219_e19334-83[data-kb-block=\"kb-adv-heading4219_e19334-83\"] mark.kt-highlight{font-style:normal;color:#f76a0c;-webkit-box-decoration-break:clone;box-decoration-break:clone;padding-top:0px;padding-right:0px;padding-bottom:0px;padding-left:0px;}.wp-block-kadence-advancedheading.kt-adv-heading4219_e19334-83 img.kb-inline-image, .wp-block-kadence-advancedheading.kt-adv-heading4219_e19334-83[data-kb-block=\"kb-adv-heading4219_e19334-83\"] img.kb-inline-image{width:150px;vertical-align:baseline;}<\/style>\n<p class=\"kt-adv-heading4219_e19334-83 wp-block-kadence-advancedheading\" data-kb-block=\"kb-adv-heading4219_e19334-83\"><strong>Curly Curtain Bangs<\/strong> fallen weich \u00fcber die Stirn und verleihen dem Look eine lebendige, lockere Wirkung. Der Low Taper h\u00e4lt die Seiten sauber und betont den Pony. Dieser Stil ist modern und wirkt jugendlich und entspannt.<br><strong>Geeignete Haartypen:<\/strong> Lockere oder wellige Locken, mittlere L\u00e4nge oben.<br><strong>Styling-Tipp:<\/strong> Leichten Schaumfestiger verwenden und die Curtain Bangs mit den Fingern nat\u00fcrlich formen.<\/p>\n\n\n<style>.wp-block-kadence-advancedheading.kt-adv-heading4219_e921f5-d2, .wp-block-kadence-advancedheading.kt-adv-heading4219_e921f5-d2[data-kb-block=\"kb-adv-heading4219_e921f5-d2\"]{text-align:center;font-style:normal;}.wp-block-kadence-advancedheading.kt-adv-heading4219_e921f5-d2 mark.kt-highlight, .wp-block-kadence-advancedheading.kt-adv-heading4219_e921f5-d2[data-kb-block=\"kb-adv-heading4219_e921f5-d2\"] mark.kt-highlight{font-style:normal;color:#f76a0c;-webkit-box-decoration-break:clone;box-decoration-break:clone;padding-top:0px;padding-right:0px;padding-bottom:0px;padding-left:0px;}.wp-block-kadence-advancedheading.kt-adv-heading4219_e921f5-d2 img.kb-inline-image, .wp-block-kadence-advancedheading.kt-adv-heading4219_e921f5-d2[data-kb-block=\"kb-adv-heading4219_e921f5-d2\"] img.kb-inline-image{width:150px;vertical-align:baseline;}<\/style>\n<h2 class=\"kt-adv-heading4219_e921f5-d2 wp-block-kadence-advancedheading has-theme-palette-9-color has-text-color has-theme-palette-3-background-color has-background\" data-kb-block=\"kb-adv-heading4219_e921f5-d2\">How to Maintain Low <strong>Taper Fade Curly Hair<\/strong><\/h2>\n\n\n<style>.wp-block-kadence-advancedheading.kt-adv-heading4219_4489db-ec, .wp-block-kadence-advancedheading.kt-adv-heading4219_4489db-ec[data-kb-block=\"kb-adv-heading4219_4489db-ec\"]{padding-right:var(--global-kb-spacing-lg, 3rem);padding-left:var(--global-kb-spacing-lg, 3rem);font-style:normal;}.wp-block-kadence-advancedheading.kt-adv-heading4219_4489db-ec mark.kt-highlight, .wp-block-kadence-advancedheading.kt-adv-heading4219_4489db-ec[data-kb-block=\"kb-adv-heading4219_4489db-ec\"] mark.kt-highlight{font-style:normal;color:#f76a0c;-webkit-box-decoration-break:clone;box-decoration-break:clone;padding-top:0px;padding-right:0px;padding-bottom:0px;padding-left:0px;}.wp-block-kadence-advancedheading.kt-adv-heading4219_4489db-ec img.kb-inline-image, .wp-block-kadence-advancedheading.kt-adv-heading4219_4489db-ec[data-kb-block=\"kb-adv-heading4219_4489db-ec\"] img.kb-inline-image{width:150px;vertical-align:baseline;}<\/style>\n<p class=\"kt-adv-heading4219_4489db-ec wp-block-kadence-advancedheading\" data-kb-block=\"kb-adv-heading4219_4489db-ec\">Um die <strong>Low Taper Fade Curly Hair<\/strong>-Frisur zu pflegen, solltest du deine Locken sauber und gut mit Feuchtigkeit versorgt halten, indem du ein gutes Shampoo und einen Conditioner verwendest. Besuche deinen Friseur alle 2\u20133 Wochen, um den Taper Fade scharf zu halten. Lockencreme oder leichtes Stylinggel hilft dabei, die Locken definiert und gesund zu halten.<\/p>\n\n\n<style>.wp-block-kadence-advancedheading.kt-adv-heading4219_6bce39-80, .wp-block-kadence-advancedheading.kt-adv-heading4219_6bce39-80[data-kb-block=\"kb-adv-heading4219_6bce39-80\"]{text-align:center;font-style:normal;}.wp-block-kadence-advancedheading.kt-adv-heading4219_6bce39-80 mark.kt-highlight, .wp-block-kadence-advancedheading.kt-adv-heading4219_6bce39-80[data-kb-block=\"kb-adv-heading4219_6bce39-80\"] mark.kt-highlight{font-style:normal;color:#f76a0c;-webkit-box-decoration-break:clone;box-decoration-break:clone;padding-top:0px;padding-right:0px;padding-bottom:0px;padding-left:0px;}.wp-block-kadence-advancedheading.kt-adv-heading4219_6bce39-80 img.kb-inline-image, .wp-block-kadence-advancedheading.kt-adv-heading4219_6bce39-80[data-kb-block=\"kb-adv-heading4219_6bce39-80\"] img.kb-inline-image{width:150px;vertical-align:baseline;}<\/style>\n<h2 class=\"kt-adv-heading4219_6bce39-80 wp-block-kadence-advancedheading has-theme-palette-9-color has-text-color has-theme-palette-3-background-color has-background\" data-kb-block=\"kb-adv-heading4219_6bce39-80\">How to Ask Your Barber for <strong>Low Taper Fade Curly Hair<\/strong><\/h2>\n\n\n<style>.wp-block-kadence-advancedheading.kt-adv-heading4219_c20180-aa, .wp-block-kadence-advancedheading.kt-adv-heading4219_c20180-aa[data-kb-block=\"kb-adv-heading4219_c20180-aa\"]{padding-right:var(--global-kb-spacing-lg, 3rem);padding-left:var(--global-kb-spacing-lg, 3rem);font-style:normal;}.wp-block-kadence-advancedheading.kt-adv-heading4219_c20180-aa mark.kt-highlight, .wp-block-kadence-advancedheading.kt-adv-heading4219_c20180-aa[data-kb-block=\"kb-adv-heading4219_c20180-aa\"] mark.kt-highlight{font-style:normal;color:#f76a0c;-webkit-box-decoration-break:clone;box-decoration-break:clone;padding-top:0px;padding-right:0px;padding-bottom:0px;padding-left:0px;}.wp-block-kadence-advancedheading.kt-adv-heading4219_c20180-aa img.kb-inline-image, .wp-block-kadence-advancedheading.kt-adv-heading4219_c20180-aa[data-kb-block=\"kb-adv-heading4219_c20180-aa\"] img.kb-inline-image{width:150px;vertical-align:baseline;}<\/style>\n<p class=\"kt-adv-heading4219_c20180-aa wp-block-kadence-advancedheading\" data-kb-block=\"kb-adv-heading4219_c20180-aa\">Bitte deinen Friseur, an den Seiten und am Hinterkopf einen Low Taper Fade zu schneiden, w\u00e4hrend die Locken oben l\u00e4nger bleiben. Sag ihm, dass die Locken nat\u00fcrlich bleiben sollen, mit etwas Textur und Volumen. Ein Referenzfoto kann helfen, den gew\u00fcnschten Stil genau zu erkl\u00e4ren.<\/p>\n\n\n<style>.wp-block-kadence-advancedheading.kt-adv-heading4219_a781a9-58, .wp-block-kadence-advancedheading.kt-adv-heading4219_a781a9-58[data-kb-block=\"kb-adv-heading4219_a781a9-58\"]{text-align:center;font-style:normal;}.wp-block-kadence-advancedheading.kt-adv-heading4219_a781a9-58 mark.kt-highlight, .wp-block-kadence-advancedheading.kt-adv-heading4219_a781a9-58[data-kb-block=\"kb-adv-heading4219_a781a9-58\"] mark.kt-highlight{font-style:normal;color:#f76a0c;-webkit-box-decoration-break:clone;box-decoration-break:clone;padding-top:0px;padding-right:0px;padding-bottom:0px;padding-left:0px;}.wp-block-kadence-advancedheading.kt-adv-heading4219_a781a9-58 img.kb-inline-image, .wp-block-kadence-advancedheading.kt-adv-heading4219_a781a9-58[data-kb-block=\"kb-adv-heading4219_a781a9-58\"] img.kb-inline-image{width:150px;vertical-align:baseline;}<\/style>\n<h2 class=\"kt-adv-heading4219_a781a9-58 wp-block-kadence-advancedheading has-theme-palette-9-color has-text-color has-theme-palette-3-background-color has-background\" data-kb-block=\"kb-adv-heading4219_a781a9-58\">Final Thoughts Low Taper Fade Curly Hair<\/h2>\n\n\n<style>.wp-block-kadence-advancedheading.kt-adv-heading4219_1d0ef6-f3, .wp-block-kadence-advancedheading.kt-adv-heading4219_1d0ef6-f3[data-kb-block=\"kb-adv-heading4219_1d0ef6-f3\"]{padding-right:var(--global-kb-spacing-lg, 3rem);padding-left:var(--global-kb-spacing-lg, 3rem);font-style:normal;}.wp-block-kadence-advancedheading.kt-adv-heading4219_1d0ef6-f3 mark.kt-highlight, .wp-block-kadence-advancedheading.kt-adv-heading4219_1d0ef6-f3[data-kb-block=\"kb-adv-heading4219_1d0ef6-f3\"] mark.kt-highlight{font-style:normal;color:#f76a0c;-webkit-box-decoration-break:clone;box-decoration-break:clone;padding-top:0px;padding-right:0px;padding-bottom:0px;padding-left:0px;}.wp-block-kadence-advancedheading.kt-adv-heading4219_1d0ef6-f3 img.kb-inline-image, .wp-block-kadence-advancedheading.kt-adv-heading4219_1d0ef6-f3[data-kb-block=\"kb-adv-heading4219_1d0ef6-f3\"] img.kb-inline-image{width:150px;vertical-align:baseline;}<\/style>\n<p class=\"kt-adv-heading4219_1d0ef6-f3 wp-block-kadence-advancedheading\" data-kb-block=\"kb-adv-heading4219_1d0ef6-f3\">Die <strong>Low Taper Fade Curly Hair<\/strong>-Frisur ist eine gro\u00dfartige Wahl f\u00fcr M\u00e4nner, die einen sauberen und modernen Haarschnitt wollen und gleichzeitig ihre nat\u00fcrlichen Locken behalten m\u00f6chten. Der weiche Taper Fade an den Seiten sorgt f\u00fcr einen ordentlichen Look, w\u00e4hrend die Locken oben f\u00fcr Textur und Volumen sorgen. Mit richtiger Pflege und regelm\u00e4\u00dfigem Schneiden bleibt die Frisur stilvoll, frisch und leicht zu pflegen f\u00fcr den Alltag.<\/p>\n\n\n<style>.wp-block-kadence-advancedheading.kt-adv-heading4219_b4f525-90, .wp-block-kadence-advancedheading.kt-adv-heading4219_b4f525-90[data-kb-block=\"kb-adv-heading4219_b4f525-90\"]{text-align:center;font-style:normal;}.wp-block-kadence-advancedheading.kt-adv-heading4219_b4f525-90 mark.kt-highlight, .wp-block-kadence-advancedheading.kt-adv-heading4219_b4f525-90[data-kb-block=\"kb-adv-heading4219_b4f525-90\"] mark.kt-highlight{font-style:normal;color:#f76a0c;-webkit-box-decoration-break:clone;box-decoration-break:clone;padding-top:0px;padding-right:0px;padding-bottom:0px;padding-left:0px;}.wp-block-kadence-advancedheading.kt-adv-heading4219_b4f525-90 img.kb-inline-image, .wp-block-kadence-advancedheading.kt-adv-heading4219_b4f525-90[data-kb-block=\"kb-adv-heading4219_b4f525-90\"] img.kb-inline-image{width:150px;vertical-align:baseline;}<\/style>\n<h2 class=\"kt-adv-heading4219_b4f525-90 wp-block-kadence-advancedheading has-theme-palette-9-color has-text-color has-theme-palette-3-background-color has-background\" data-kb-block=\"kb-adv-heading4219_b4f525-90\">FAQ&#8217;s About<strong> Low Taper Fade Curly Hair<\/strong><\/h2>\n\n\n<style>.kt-accordion-id4219_0db0f5-19 .kt-accordion-inner-wrap{column-gap:var(--global-kb-gap-md, 2rem);row-gap:10px;}.kt-accordion-id4219_0db0f5-19 .kt-accordion-panel-inner{border-top:0px solid transparent;border-right:0px solid transparent;border-bottom:0px solid transparent;border-left:0px solid transparent;background:#ffffff;padding-top:var(--global-kb-spacing-sm, 1.5rem);padding-right:var(--global-kb-spacing-sm, 1.5rem);padding-bottom:var(--global-kb-spacing-sm, 1.5rem);padding-left:var(--global-kb-spacing-sm, 1.5rem);}.kt-accordion-id4219_0db0f5-19 > .kt-accordion-inner-wrap > .wp-block-kadence-pane > .kt-accordion-header-wrap > .kt-blocks-accordion-header{border-top:1px solid #f2f2f2;border-right:1px solid #f2f2f2;border-bottom:1px solid #f2f2f2;border-left:1px solid #f2f2f2;border-top-left-radius:6px;border-top-right-radius:6px;border-bottom-right-radius:6px;border-bottom-left-radius:6px;background:#f2f2f2;color:#555555;padding-top:13px;padding-right:15px;padding-bottom:13px;padding-left:15px;}.kt-accordion-id4219_0db0f5-19:not( .kt-accodion-icon-style-basiccircle ):not( .kt-accodion-icon-style-xclosecircle ):not( .kt-accodion-icon-style-arrowcircle )  > .kt-accordion-inner-wrap > .wp-block-kadence-pane > .kt-accordion-header-wrap .kt-blocks-accordion-icon-trigger:after, .kt-accordion-id4219_0db0f5-19:not( .kt-accodion-icon-style-basiccircle ):not( .kt-accodion-icon-style-xclosecircle ):not( .kt-accodion-icon-style-arrowcircle )  > .kt-accordion-inner-wrap > .wp-block-kadence-pane > .kt-accordion-header-wrap .kt-blocks-accordion-icon-trigger:before{background:#555555;}.kt-accordion-id4219_0db0f5-19:not( .kt-accodion-icon-style-basic ):not( .kt-accodion-icon-style-xclose ):not( .kt-accodion-icon-style-arrow ) .kt-blocks-accordion-icon-trigger{background:#555555;}.kt-accordion-id4219_0db0f5-19:not( .kt-accodion-icon-style-basic ):not( .kt-accodion-icon-style-xclose ):not( .kt-accodion-icon-style-arrow ) .kt-blocks-accordion-icon-trigger:after, .kt-accordion-id4219_0db0f5-19:not( .kt-accodion-icon-style-basic ):not( .kt-accodion-icon-style-xclose ):not( .kt-accodion-icon-style-arrow ) .kt-blocks-accordion-icon-trigger:before{background:#f2f2f2;}.kt-accordion-id4219_0db0f5-19 > .kt-accordion-inner-wrap > .wp-block-kadence-pane > .kt-accordion-header-wrap > .kt-blocks-accordion-header:hover, \n\t\t\t\tbody:not(.hide-focus-outline) .kt-accordion-id4219_0db0f5-19 .kt-blocks-accordion-header:focus-visible{color:var(--global-palette9, #ffffff);background:#cd3818;border-top:1px solid #878787;border-right:1px solid #878787;border-bottom:1px solid #878787;border-left:1px solid #878787;}.kt-accordion-id4219_0db0f5-19:not( .kt-accodion-icon-style-basiccircle ):not( .kt-accodion-icon-style-xclosecircle ):not( .kt-accodion-icon-style-arrowcircle ) .kt-accordion-header-wrap .kt-blocks-accordion-header:hover .kt-blocks-accordion-icon-trigger:after, .kt-accordion-id4219_0db0f5-19:not( .kt-accodion-icon-style-basiccircle ):not( .kt-accodion-icon-style-xclosecircle ):not( .kt-accodion-icon-style-arrowcircle ) .kt-accordion-header-wrap .kt-blocks-accordion-header:hover .kt-blocks-accordion-icon-trigger:before, body:not(.hide-focus-outline) .kt-accordion-id4219_0db0f5-19:not( .kt-accodion-icon-style-basiccircle ):not( .kt-accodion-icon-style-xclosecircle ):not( .kt-accodion-icon-style-arrowcircle ) .kt-blocks-accordion--visible .kt-blocks-accordion-icon-trigger:after, body:not(.hide-focus-outline) .kt-accordion-id4219_0db0f5-19:not( .kt-accodion-icon-style-basiccircle ):not( .kt-accodion-icon-style-xclosecircle ):not( .kt-accodion-icon-style-arrowcircle ) .kt-blocks-accordion-header:focus-visible .kt-blocks-accordion-icon-trigger:before{background:var(--global-palette9, #ffffff);}.kt-accordion-id4219_0db0f5-19:not( .kt-accodion-icon-style-basic ):not( .kt-accodion-icon-style-xclose ):not( .kt-accodion-icon-style-arrow ) .kt-accordion-header-wrap .kt-blocks-accordion-header:hover .kt-blocks-accordion-icon-trigger, body:not(.hide-focus-outline) .kt-accordion-id4219_0db0f5-19:not( .kt-accodion-icon-style-basic ):not( .kt-accodion-icon-style-xclose ):not( .kt-accodion-icon-style-arrow ) .kt-accordion-header-wrap .kt-blocks-accordion-header:focus-visible .kt-blocks-accordion-icon-trigger{background:var(--global-palette9, #ffffff);}.kt-accordion-id4219_0db0f5-19:not( .kt-accodion-icon-style-basic ):not( .kt-accodion-icon-style-xclose ):not( .kt-accodion-icon-style-arrow ) .kt-accordion-header-wrap .kt-blocks-accordion-header:hover .kt-blocks-accordion-icon-trigger:after, .kt-accordion-id4219_0db0f5-19:not( .kt-accodion-icon-style-basic ):not( .kt-accodion-icon-style-xclose ):not( .kt-accodion-icon-style-arrow ) .kt-accordion-header-wrap .kt-blocks-accordion-header:hover .kt-blocks-accordion-icon-trigger:before, body:not(.hide-focus-outline) .kt-accordion-id4219_0db0f5-19:not( .kt-accodion-icon-style-basic ):not( .kt-accodion-icon-style-xclose ):not( .kt-accodion-icon-style-arrow ) .kt-accordion-header-wrap .kt-blocks-accordion-header:focus-visible .kt-blocks-accordion-icon-trigger:after, body:not(.hide-focus-outline) .kt-accordion-id4219_0db0f5-19:not( .kt-accodion-icon-style-basic ):not( .kt-accodion-icon-style-xclose ):not( .kt-accodion-icon-style-arrow ) .kt-accordion-header-wrap .kt-blocks-accordion-header:focus-visible .kt-blocks-accordion-icon-trigger:before{background:#cd3818;}.kt-accordion-id4219_0db0f5-19 .kt-accordion-header-wrap .kt-blocks-accordion-header:focus-visible,\n\t\t\t\t.kt-accordion-id4219_0db0f5-19 > .kt-accordion-inner-wrap > .wp-block-kadence-pane > .kt-accordion-header-wrap > .kt-blocks-accordion-header.kt-accordion-panel-active{color:var(--global-palette9, #ffffff);background:#cd3818;border-top:1px solid #BE530B;border-right:1px solid #BE530B;border-bottom:1px solid #BE530B;border-left:1px solid #BE530B;}.kt-accordion-id4219_0db0f5-19:not( .kt-accodion-icon-style-basiccircle ):not( .kt-accodion-icon-style-xclosecircle ):not( .kt-accodion-icon-style-arrowcircle )  > .kt-accordion-inner-wrap > .wp-block-kadence-pane > .kt-accordion-header-wrap > .kt-blocks-accordion-header.kt-accordion-panel-active .kt-blocks-accordion-icon-trigger:after, .kt-accordion-id4219_0db0f5-19:not( .kt-accodion-icon-style-basiccircle ):not( .kt-accodion-icon-style-xclosecircle ):not( .kt-accodion-icon-style-arrowcircle )  > .kt-accordion-inner-wrap > .wp-block-kadence-pane > .kt-accordion-header-wrap > .kt-blocks-accordion-header.kt-accordion-panel-active .kt-blocks-accordion-icon-trigger:before{background:var(--global-palette9, #ffffff);}.kt-accordion-id4219_0db0f5-19:not( .kt-accodion-icon-style-basic ):not( .kt-accodion-icon-style-xclose ):not( .kt-accodion-icon-style-arrow ) .kt-blocks-accordion-header.kt-accordion-panel-active .kt-blocks-accordion-icon-trigger{background:var(--global-palette9, #ffffff);}.kt-accordion-id4219_0db0f5-19:not( .kt-accodion-icon-style-basic ):not( .kt-accodion-icon-style-xclose ):not( .kt-accodion-icon-style-arrow ) .kt-blocks-accordion-header.kt-accordion-panel-active .kt-blocks-accordion-icon-trigger:after, .kt-accordion-id4219_0db0f5-19:not( .kt-accodion-icon-style-basic ):not( .kt-accodion-icon-style-xclose ):not( .kt-accodion-icon-style-arrow ) .kt-blocks-accordion-header.kt-accordion-panel-active .kt-blocks-accordion-icon-trigger:before{background:#cd3818;}@media all and (max-width: 1024px){.kt-accordion-id4219_0db0f5-19 .kt-accordion-panel-inner{border-top:0px solid transparent;border-right:0px solid transparent;border-bottom:0px solid transparent;border-left:0px solid transparent;}}@media all and (max-width: 1024px){.kt-accordion-id4219_0db0f5-19 > .kt-accordion-inner-wrap > .wp-block-kadence-pane > .kt-accordion-header-wrap > .kt-blocks-accordion-header{border-top:1px solid #f2f2f2;border-right:1px solid #f2f2f2;border-bottom:1px solid #f2f2f2;border-left:1px solid #f2f2f2;}}@media all and (max-width: 1024px){.kt-accordion-id4219_0db0f5-19 > .kt-accordion-inner-wrap > .wp-block-kadence-pane > .kt-accordion-header-wrap > .kt-blocks-accordion-header:hover, \n\t\t\t\tbody:not(.hide-focus-outline) .kt-accordion-id4219_0db0f5-19 .kt-blocks-accordion-header:focus-visible{border-top:1px solid #878787;border-right:1px solid #878787;border-bottom:1px solid #878787;border-left:1px solid #878787;}}@media all and (max-width: 1024px){.kt-accordion-id4219_0db0f5-19 .kt-accordion-header-wrap .kt-blocks-accordion-header:focus-visible,\n\t\t\t\t.kt-accordion-id4219_0db0f5-19 > .kt-accordion-inner-wrap > .wp-block-kadence-pane > .kt-accordion-header-wrap > .kt-blocks-accordion-header.kt-accordion-panel-active{border-top:1px solid #BE530B;border-right:1px solid #BE530B;border-bottom:1px solid #BE530B;border-left:1px solid #BE530B;}}@media all and (max-width: 767px){.kt-accordion-id4219_0db0f5-19 .kt-accordion-inner-wrap{display:block;}.kt-accordion-id4219_0db0f5-19 .kt-accordion-inner-wrap .kt-accordion-pane:not(:first-child){margin-top:10px;}.kt-accordion-id4219_0db0f5-19 .kt-accordion-panel-inner{border-top:0px solid transparent;border-right:0px solid transparent;border-bottom:0px solid transparent;border-left:0px solid transparent;}.kt-accordion-id4219_0db0f5-19 > .kt-accordion-inner-wrap > .wp-block-kadence-pane > .kt-accordion-header-wrap > .kt-blocks-accordion-header{border-top:1px solid #f2f2f2;border-right:1px solid #f2f2f2;border-bottom:1px solid #f2f2f2;border-left:1px solid #f2f2f2;}.kt-accordion-id4219_0db0f5-19 > .kt-accordion-inner-wrap > .wp-block-kadence-pane > .kt-accordion-header-wrap > .kt-blocks-accordion-header:hover, \n\t\t\t\tbody:not(.hide-focus-outline) .kt-accordion-id4219_0db0f5-19 .kt-blocks-accordion-header:focus-visible{border-top:1px solid #878787;border-right:1px solid #878787;border-bottom:1px solid #878787;border-left:1px solid #878787;}.kt-accordion-id4219_0db0f5-19 .kt-accordion-header-wrap .kt-blocks-accordion-header:focus-visible,\n\t\t\t\t.kt-accordion-id4219_0db0f5-19 > .kt-accordion-inner-wrap > .wp-block-kadence-pane > .kt-accordion-header-wrap > .kt-blocks-accordion-header.kt-accordion-panel-active{border-top:1px solid #BE530B;border-right:1px solid #BE530B;border-bottom:1px solid #BE530B;border-left:1px solid #BE530B;}}<\/style>\n<div class=\"wp-block-kadence-accordion alignnone\"><div class=\"kt-accordion-wrap kt-accordion-id4219_0db0f5-19 kt-accordion-has-4-panes kt-active-pane-0 kt-accordion-block kt-pane-header-alignment-left kt-accodion-icon-style-basic kt-accodion-icon-side-right\" style=\"max-width:none\"><div class=\"kt-accordion-inner-wrap\" data-allow-multiple-open=\"false\" data-start-open=\"0\">\n<div class=\"wp-block-kadence-pane kt-accordion-pane kt-accordion-pane-1 kt-pane4219_e25169-67\"><div class=\"kt-accordion-header-wrap\"><button class=\"kt-blocks-accordion-header kt-acccordion-button-label-show\" type=\"button\"><span class=\"kt-blocks-accordion-title-wrap\"><span class=\"kt-blocks-accordion-title\">Is a Low Taper Fade good for curly hair?<\/span><\/span><span class=\"kt-blocks-accordion-icon-trigger\"><\/span><\/button><\/div><div class=\"kt-accordion-panel kt-accordion-panel-hidden\"><div class=\"kt-accordion-panel-inner\"><style>.wp-block-kadence-advancedheading.kt-adv-heading4219_0b3766-7a, .wp-block-kadence-advancedheading.kt-adv-heading4219_0b3766-7a[data-kb-block=\"kb-adv-heading4219_0b3766-7a\"]{font-style:normal;}.wp-block-kadence-advancedheading.kt-adv-heading4219_0b3766-7a mark.kt-highlight, .wp-block-kadence-advancedheading.kt-adv-heading4219_0b3766-7a[data-kb-block=\"kb-adv-heading4219_0b3766-7a\"] mark.kt-highlight{font-style:normal;color:#f76a0c;-webkit-box-decoration-break:clone;box-decoration-break:clone;padding-top:0px;padding-right:0px;padding-bottom:0px;padding-left:0px;}.wp-block-kadence-advancedheading.kt-adv-heading4219_0b3766-7a img.kb-inline-image, .wp-block-kadence-advancedheading.kt-adv-heading4219_0b3766-7a[data-kb-block=\"kb-adv-heading4219_0b3766-7a\"] img.kb-inline-image{width:150px;vertical-align:baseline;}<\/style>\n<p class=\"kt-adv-heading4219_0b3766-7a wp-block-kadence-advancedheading\" data-kb-block=\"kb-adv-heading4219_0b3766-7a\">Yes, a <strong>Low Taper Fade<\/strong> works very well with curly hair because it keeps the sides neat while showing the natural curls on top.<\/p>\n<\/div><\/div><\/div>\n\n\n\n<div class=\"wp-block-kadence-pane kt-accordion-pane kt-accordion-pane-2 kt-pane4219_7b4274-c4\"><div class=\"kt-accordion-header-wrap\"><button class=\"kt-blocks-accordion-header kt-acccordion-button-label-show\" type=\"button\"><span class=\"kt-blocks-accordion-title-wrap\"><span class=\"kt-blocks-accordion-title\">How often should I trim a Low Taper Fade Curly Haircut?<\/span><\/span><span class=\"kt-blocks-accordion-icon-trigger\"><\/span><\/button><\/div><div class=\"kt-accordion-panel kt-accordion-panel-hidden\"><div class=\"kt-accordion-panel-inner\"><style>.wp-block-kadence-advancedheading.kt-adv-heading4219_7d0500-23, .wp-block-kadence-advancedheading.kt-adv-heading4219_7d0500-23[data-kb-block=\"kb-adv-heading4219_7d0500-23\"]{font-style:normal;}.wp-block-kadence-advancedheading.kt-adv-heading4219_7d0500-23 mark.kt-highlight, .wp-block-kadence-advancedheading.kt-adv-heading4219_7d0500-23[data-kb-block=\"kb-adv-heading4219_7d0500-23\"] mark.kt-highlight{font-style:normal;color:#f76a0c;-webkit-box-decoration-break:clone;box-decoration-break:clone;padding-top:0px;padding-right:0px;padding-bottom:0px;padding-left:0px;}.wp-block-kadence-advancedheading.kt-adv-heading4219_7d0500-23 img.kb-inline-image, .wp-block-kadence-advancedheading.kt-adv-heading4219_7d0500-23[data-kb-block=\"kb-adv-heading4219_7d0500-23\"] img.kb-inline-image{width:150px;vertical-align:baseline;}<\/style>\n<p class=\"kt-adv-heading4219_7d0500-23 wp-block-kadence-advancedheading\" data-kb-block=\"kb-adv-heading4219_7d0500-23\">How often should I trim a Low Taper Fade Curly Haircut?<\/p>\n<\/div><\/div><\/div>\n\n\n\n<div class=\"wp-block-kadence-pane kt-accordion-pane kt-accordion-pane-3 kt-pane4219_28fa39-3a\"><div class=\"kt-accordion-header-wrap\"><button class=\"kt-blocks-accordion-header kt-acccordion-button-label-show\" type=\"button\"><span class=\"kt-blocks-accordion-title-wrap\"><span class=\"kt-blocks-accordion-title\">What products are good for curly Low taper fade hair?<\/span><\/span><span class=\"kt-blocks-accordion-icon-trigger\"><\/span><\/button><\/div><div class=\"kt-accordion-panel kt-accordion-panel-hidden\"><div class=\"kt-accordion-panel-inner\"><style>.wp-block-kadence-advancedheading.kt-adv-heading4219_f1d77a-51, .wp-block-kadence-advancedheading.kt-adv-heading4219_f1d77a-51[data-kb-block=\"kb-adv-heading4219_f1d77a-51\"]{font-style:normal;}.wp-block-kadence-advancedheading.kt-adv-heading4219_f1d77a-51 mark.kt-highlight, .wp-block-kadence-advancedheading.kt-adv-heading4219_f1d77a-51[data-kb-block=\"kb-adv-heading4219_f1d77a-51\"] mark.kt-highlight{font-style:normal;color:#f76a0c;-webkit-box-decoration-break:clone;box-decoration-break:clone;padding-top:0px;padding-right:0px;padding-bottom:0px;padding-left:0px;}.wp-block-kadence-advancedheading.kt-adv-heading4219_f1d77a-51 img.kb-inline-image, .wp-block-kadence-advancedheading.kt-adv-heading4219_f1d77a-51[data-kb-block=\"kb-adv-heading4219_f1d77a-51\"] img.kb-inline-image{width:150px;vertical-align:baseline;}<\/style>\n<p class=\"kt-adv-heading4219_f1d77a-51 wp-block-kadence-advancedheading\" data-kb-block=\"kb-adv-heading4219_f1d77a-51\">Curl cream, light gel, or leave-in conditioner are good products to keep curls soft and defined.<\/p>\n<\/div><\/div><\/div>\n\n\n\n<div class=\"wp-block-kadence-pane kt-accordion-pane kt-accordion-pane-4 kt-pane4219_82bdf5-15\"><div class=\"kt-accordion-header-wrap\"><button class=\"kt-blocks-accordion-header kt-acccordion-button-label-show\" type=\"button\"><span class=\"kt-blocks-accordion-title-wrap\"><span class=\"kt-blocks-accordion-title\">Can Taper Fade Curly Haircuts work for thick hair?<\/span><\/span><span class=\"kt-blocks-accordion-icon-trigger\"><\/span><\/button><\/div><div class=\"kt-accordion-panel kt-accordion-panel-hidden\"><div class=\"kt-accordion-panel-inner\"><style>.wp-block-kadence-advancedheading.kt-adv-heading4219_69d6fc-5c, .wp-block-kadence-advancedheading.kt-adv-heading4219_69d6fc-5c[data-kb-block=\"kb-adv-heading4219_69d6fc-5c\"]{font-style:normal;}.wp-block-kadence-advancedheading.kt-adv-heading4219_69d6fc-5c mark.kt-highlight, .wp-block-kadence-advancedheading.kt-adv-heading4219_69d6fc-5c[data-kb-block=\"kb-adv-heading4219_69d6fc-5c\"] mark.kt-highlight{font-style:normal;color:#f76a0c;-webkit-box-decoration-break:clone;box-decoration-break:clone;padding-top:0px;padding-right:0px;padding-bottom:0px;padding-left:0px;}.wp-block-kadence-advancedheading.kt-adv-heading4219_69d6fc-5c img.kb-inline-image, .wp-block-kadence-advancedheading.kt-adv-heading4219_69d6fc-5c[data-kb-block=\"kb-adv-heading4219_69d6fc-5c\"] img.kb-inline-image{width:150px;vertical-align:baseline;}<\/style>\n<p class=\"kt-adv-heading4219_69d6fc-5c wp-block-kadence-advancedheading\" data-kb-block=\"kb-adv-heading4219_69d6fc-5c\">Yes, thick curly hair works great with this haircut because it gives the top more volume and texture.<\/p>\n<\/div><\/div><\/div>\n<\/div><\/div><\/div>\n<\/div><\/div>\n\n<\/div><\/div>\n\n<style>.kb-row-layout-id4219_230d9c-9d > .kt-row-column-wrap{align-content:start;}:where(.kb-row-layout-id4219_230d9c-9d > .kt-row-column-wrap) > .wp-block-kadence-column{justify-content:start;}.kb-row-layout-id4219_230d9c-9d > .kt-row-column-wrap{column-gap:var(--global-kb-gap-md, 2rem);row-gap:var(--global-kb-gap-md, 2rem);padding-top:var(--global-kb-spacing-sm, 1.5rem);padding-bottom:var(--global-kb-spacing-sm, 1.5rem);grid-template-columns:minmax(0, 1fr);}.kb-row-layout-id4219_230d9c-9d > .kt-row-layout-overlay{opacity:0.30;}@media all and (max-width: 1024px){.kb-row-layout-id4219_230d9c-9d > .kt-row-column-wrap{grid-template-columns:minmax(0, 1fr);}}@media all and (max-width: 767px){.kb-row-layout-id4219_230d9c-9d > .kt-row-column-wrap{grid-template-columns:minmax(0, 1fr);}}<\/style><div class=\"kb-row-layout-wrap kb-row-layout-id4219_230d9c-9d alignnone wp-block-kadence-rowlayout\"><div class=\"kt-row-column-wrap kt-has-1-columns kt-row-layout-equal kt-tab-layout-inherit kt-mobile-layout-row kt-row-valign-top\">\n<style>.kadence-column4219_50d0ed-db > .kt-inside-inner-col,.kadence-column4219_50d0ed-db > .kt-inside-inner-col:before{border-top-left-radius:0px;border-top-right-radius:0px;border-bottom-right-radius:0px;border-bottom-left-radius:0px;}.kadence-column4219_50d0ed-db > .kt-inside-inner-col{column-gap:var(--global-kb-gap-sm, 1rem);}.kadence-column4219_50d0ed-db > .kt-inside-inner-col{flex-direction:column;}.kadence-column4219_50d0ed-db > .kt-inside-inner-col > .aligncenter{width:100%;}.kadence-column4219_50d0ed-db > .kt-inside-inner-col:before{opacity:0.3;}.kadence-column4219_50d0ed-db{position:relative;}@media all and (max-width: 1024px){.kadence-column4219_50d0ed-db > .kt-inside-inner-col{flex-direction:column;justify-content:center;}}@media all and (max-width: 767px){.kadence-column4219_50d0ed-db > .kt-inside-inner-col{flex-direction:column;justify-content:center;}}<\/style>\n<div class=\"wp-block-kadence-column kadence-column4219_50d0ed-db\"><div class=\"kt-inside-inner-col\"><\/div><\/div>\n\n<\/div><\/div><\/div><\/div>\n\n<\/div><\/div>\n\n\n<p><\/p>\n","protected":false},"excerpt":{"rendered":"<p>What is Low Taper Fade Curly Hair Die Low Taper Fade Curly Hair Frisur ist ein moderner Haarschnitt, der die Locken nat\u00fcrlich l\u00e4sst, w\u00e4hrend die Seiten sanft in der N\u00e4he der Ohren auslaufen. Dieser Haarschnitt wirkt sauber, stilvoll und ist leicht zu pflegen. Viele M\u00e4nner w\u00e4hlen Low Taper Fade Curly Hair, weil er die nat\u00fcrlichen&#8230;<\/p>\n","protected":false},"author":1,"featured_media":4220,"comment_status":"open","ping_status":"open","sticky":false,"template":"","format":"standard","meta":{"_kad_blocks_custom_css":"","_kad_blocks_head_custom_js":"","_kad_blocks_body_custom_js":"","_kad_blocks_footer_custom_js":"","_kad_post_transparent":"default","_kad_post_title":"default","_kad_post_layout":"right","_kad_post_sidebar_id":"sidebar-primary","_kad_post_content_style":"default","_kad_post_vertical_padding":"top","_kad_post_feature":"","_kad_post_feature_position":"","_kad_post_header":false,"_kad_post_footer":false,"_kad_post_classname":"","footnotes":""},"categories":[58],"tags":[],"class_list":["post-4219","post","type-post","status-publish","format-standard","has-post-thumbnail","hentry","category-low-taper-fade-curly-hair"],"taxonomy_info":{"category":[{"value":58,"label":"Low Taper Fade Curly Hair"}]},"featured_image_src_large":["https:\/\/lowtaperfades.com\/wp-content\/uploads\/2026\/02\/Untitled-design-2026-02-27T215055.108-1024x572.png",1024,572,true],"author_info":{"display_name":"Davidson","author_link":"https:\/\/lowtaperfades.com\/de\/author\/miraj-din82gmail-com\/"},"comment_info":0,"category_info":[{"term_id":58,"name":"Low Taper Fade Curly Hair","slug":"low-taper-fade-curly-hair","term_group":0,"term_taxonomy_id":58,"taxonomy":"category","description":"","parent":0,"count":1,"filter":"raw","cat_ID":58,"category_count":1,"category_description":"","cat_name":"Low Taper Fade Curly Hair","category_nicename":"low-taper-fade-curly-hair","category_parent":0}],"tag_info":false,"_links":{"self":[{"href":"https:\/\/lowtaperfades.com\/de\/wp-json\/wp\/v2\/posts\/4219","targetHints":{"allow":["GET"]}}],"collection":[{"href":"https:\/\/lowtaperfades.com\/de\/wp-json\/wp\/v2\/posts"}],"about":[{"href":"https:\/\/lowtaperfades.com\/de\/wp-json\/wp\/v2\/types\/post"}],"author":[{"embeddable":true,"href":"https:\/\/lowtaperfades.com\/de\/wp-json\/wp\/v2\/users\/1"}],"replies":[{"embeddable":true,"href":"https:\/\/lowtaperfades.com\/de\/wp-json\/wp\/v2\/comments?post=4219"}],"version-history":[{"count":2,"href":"https:\/\/lowtaperfades.com\/de\/wp-json\/wp\/v2\/posts\/4219\/revisions"}],"predecessor-version":[{"id":4271,"href":"https:\/\/lowtaperfades.com\/de\/wp-json\/wp\/v2\/posts\/4219\/revisions\/4271"}],"wp:featuredmedia":[{"embeddable":true,"href":"https:\/\/lowtaperfades.com\/de\/wp-json\/wp\/v2\/media\/4220"}],"wp:attachment":[{"href":"https:\/\/lowtaperfades.com\/de\/wp-json\/wp\/v2\/media?parent=4219"}],"wp:term":[{"taxonomy":"category","embeddable":true,"href":"https:\/\/lowtaperfades.com\/de\/wp-json\/wp\/v2\/categories?post=4219"},{"taxonomy":"post_tag","embeddable":true,"href":"https:\/\/lowtaperfades.com\/de\/wp-json\/wp\/v2\/tags?post=4219"}],"curies":[{"name":"wp","href":"https:\/\/api.w.org\/{rel}","templated":true}]}}